{"id":108,"date":"2020-09-08T22:07:46","date_gmt":"2020-09-09T01:07:46","guid":{"rendered":"https:\/\/blog.calcularte.com.br\/?p=108"},"modified":"2020-09-08T22:07:48","modified_gmt":"2020-09-09T01:07:48","slug":"como-organizar-seu-negocio-de-artesanato","status":"publish","type":"post","link":"https:\/\/blog.calcularte.com.br\/index.php\/2020\/09\/08\/como-organizar-seu-negocio-de-artesanato\/","title":{"rendered":"5 motivos para organizar seu neg\u00f3cio artesanal"},"content":{"rendered":"\n<figure class=\"wp-block-image size-large is-resized is-style-rounded\"><img loading=\"lazy\" decoding=\"async\" src=\"https:\/\/blog.calcularte.com.br\/wp-content\/uploads\/2020\/09\/mesa-atelie.jpg\" alt=\"organizar-negocio-artesanal\" class=\"wp-image-109\" width=\"768\" height=\"512\" srcset=\"https:\/\/blog.calcularte.com.br\/wp-content\/uploads\/2020\/09\/mesa-atelie.jpg 1000w, https:\/\/blog.calcularte.com.br\/wp-content\/uploads\/2020\/09\/mesa-atelie-300x200.jpg 300w, https:\/\/blog.calcularte.com.br\/wp-content\/uploads\/2020\/09\/mesa-atelie-768x512.jpg 768w\" sizes=\"auto, (max-width: 768px) 100vw, 768px\" \/><figcaption><em>Organizar seu neg\u00f3cio artesanal vai te levar mais longe!<\/em><\/figcaption><\/figure>\n\n\n\n<p>Voc\u00ea trabalha com produtos feitos \u00e0 m\u00e3o, mas ainda n\u00e3o consegue se organizar para fazer a gest\u00e3o do seu neg\u00f3cio artesanal? Cuidado, voc\u00ea pode acabar perdendo dinheiro! <\/p>\n\n\n\n<p>Ent\u00e3o veja agora <strong>5 motivos para voc\u00ea<\/strong> <strong>come\u00e7ar a organizar o seu neg\u00f3cio de artesanato<\/strong> e assim torn\u00e1-lo lucrativo:<br><\/p>\n\n\n\n<div style=\"height:77px\" aria-hidden=\"true\" class=\"wp-block-spacer\"><\/div>\n\n\n\n<div class=\"wp-block-media-text alignwide is-stacked-on-mobile\" style=\"grid-template-columns:31% auto\"><figure class=\"wp-block-media-text__media\"><img loading=\"lazy\" decoding=\"async\" width=\"667\" height=\"710\" src=\"https:\/\/blog.calcularte.com.br\/wp-content\/uploads\/2020\/09\/preco-venda-artesanato-e1599600279918.png\" alt=\"precificar-artesanato\" class=\"wp-image-110\" srcset=\"https:\/\/blog.calcularte.com.br\/wp-content\/uploads\/2020\/09\/preco-venda-artesanato-e1599600279918.png 667w, https:\/\/blog.calcularte.com.br\/wp-content\/uploads\/2020\/09\/preco-venda-artesanato-e1599600279918-282x300.png 282w\" sizes=\"auto, (max-width: 667px) 100vw, 667px\" \/><\/figure><div class=\"wp-block-media-text__content\">\n<h4 class=\"has-vivid-purple-color has-text-color wp-block-heading\"><strong>1 &#8211; VENDER SEU PRODUTO PELO PRE\u00c7O CERTO:<\/strong><\/h4>\n\n\n\n<p>Parece \u00f3bvio, <strong>precificar corretamente<\/strong> \u00e9 o b\u00e1sico. No entanto muita gente ainda &#8220;copia&#8221; o pre\u00e7o de outras lojas e acha que est\u00e1 vendendo pelo pre\u00e7o correto. <strong>GRANDE engano!<\/strong> O pre\u00e7o do produto \u00e9 individual de cada artes\u00e3o, pois cada um tem seus custos, por isso \u00e9 essencial calcular o SEU PRE\u00c7O DE VENDA certinho. <a href=\"https:\/\/blog.calcularte.com.br\/index.php\/2020\/09\/01\/qual-deve-ser-a-margem-de-lucro-de-um-produto-artesanal\/\">J\u00e1 falamos um pouco sobre a margem de lucro do produto, confira aqui<\/a>.<\/p>\n<\/div><\/div>\n\n\n\n<div class=\"wp-block-media-text alignwide has-media-on-the-right is-stacked-on-mobile\" style=\"grid-template-columns:auto 43%\"><figure class=\"wp-block-media-text__media\"><a href=\"https:\/\/blog.calcularte.com.br\/wp-content\/uploads\/2020\/09\/controle-financeiro-negocio-artesanato.jpg\"><img loading=\"lazy\" decoding=\"async\" width=\"792\" height=\"706\" src=\"https:\/\/blog.calcularte.com.br\/wp-content\/uploads\/2020\/09\/controle-financeiro-negocio-artesanato.jpg\" alt=\"controle-financeiro-artesanato\" class=\"wp-image-119\" srcset=\"https:\/\/blog.calcularte.com.br\/wp-content\/uploads\/2020\/09\/controle-financeiro-negocio-artesanato.jpg 792w, https:\/\/blog.calcularte.com.br\/wp-content\/uploads\/2020\/09\/controle-financeiro-negocio-artesanato-300x267.jpg 300w, https:\/\/blog.calcularte.com.br\/wp-content\/uploads\/2020\/09\/controle-financeiro-negocio-artesanato-768x685.jpg 768w\" sizes=\"auto, (max-width: 792px) 100vw, 792px\" \/><\/a><\/figure><div class=\"wp-block-media-text__content\">\n<h4 class=\"has-vivid-purple-color has-text-color wp-block-heading\"><strong>2 &#8211; CONTROLAR O FLUXO DE CAIXA:<\/strong><br><\/h4>\n\n\n\n<p class=\"has-black-color has-text-color\">Al\u00e9m de saber tudo que entrou e saiu no m\u00eas, voc\u00ea tem que analisar quanto pesou cada custo na sua opera\u00e7\u00e3o. Explico: voc\u00ea precisa saber quanto teve de receita no m\u00eas e como esse valor ser\u00e1 distribu\u00eddo para cobrir suas despesas.<\/p>\n\n\n\n<p class=\"has-black-color has-text-color\">Por exemplo, uma parte das entradas vai cobrir as compras de materiais, a outra vai cobrir seu sal\u00e1rio e assim por diante. Com base nessa an\u00e1lise voc\u00ea consegue identificar o que precisa melhorar para aumentar sua lucratividade, se fechou o m\u00eas em lucro ou preju\u00edzo, etc.<\/p>\n<\/div><\/div>\n\n\n\n<p class=\"has-text-align-right\"><em>Na imagem, gr\u00e1fico gerado pelo Calcularte com o demonstrativo de resultado do m\u00eas.<\/em><\/p>\n\n\n\n<div style=\"height:43px\" aria-hidden=\"true\" class=\"wp-block-spacer\"><\/div>\n\n\n\n<h4 class=\"has-text-align-left has-vivid-purple-color has-text-color wp-block-heading\">3 &#8211; CONTROLE DE PEDIDOS E RECEBIMENTOS:<\/h4>\n\n\n\n<figure class=\"wp-block-image size-large\"><img loading=\"lazy\" decoding=\"async\" width=\"762\" height=\"383\" src=\"https:\/\/blog.calcularte.com.br\/wp-content\/uploads\/2020\/09\/controle-pagamento-pedidos-artesanato-1.jpg\" alt=\"controle-de-pedidos\" class=\"wp-image-123\" srcset=\"https:\/\/blog.calcularte.com.br\/wp-content\/uploads\/2020\/09\/controle-pagamento-pedidos-artesanato-1.jpg 762w, https:\/\/blog.calcularte.com.br\/wp-content\/uploads\/2020\/09\/controle-pagamento-pedidos-artesanato-1-300x151.jpg 300w\" sizes=\"auto, (max-width: 762px) 100vw, 762px\" \/><figcaption><em>Controle de cobran\u00e7a de pedidos do Calcularte<\/em><\/figcaption><\/figure>\n\n\n\n<p>Saber que voc\u00ea tem um pedido pra entregar em determinada data n\u00e3o basta para ter controle total da sua produ\u00e7\u00e3o. \u00c9 necess\u00e1rio ter em mente <strong>QUANTO TEMPO<\/strong> voc\u00ea leva para produzir cada encomenda, pois assim voc\u00ea poder\u00e1 definir se ainda tem agenda pra pegar mais pedidos (principalmente aqueles que aparecem de \u00faltima hora). Isso evitar\u00e1 que voc\u00ea vire a noite trabalhando e diga que n\u00e3o tem tempo pra mais nada.<\/p>\n\n\n\n<p>Tamb\u00e9m \u00e9 importante ter um controle de recebimento das vendas parceladas, para que voc\u00ea n\u00e3o leve bal\u00e3o e muito menos perca tempo procurando nas anota\u00e7\u00f5es quem j\u00e1 pagou e quem est\u00e1 devendo. Projete esses valores nos pr\u00f3ximos meses do fluxo de caixa tamb\u00e9m.<\/p>\n\n\n\n<div class=\"wp-block-media-text alignwide has-media-on-the-right is-stacked-on-mobile\" style=\"grid-template-columns:auto 34%\"><figure class=\"wp-block-media-text__media\"><img loading=\"lazy\" decoding=\"async\" width=\"1000\" height=\"667\" src=\"https:\/\/blog.calcularte.com.br\/wp-content\/uploads\/2020\/09\/planner-computador.jpg\" alt=\"organizar-planner-artesanato\" class=\"wp-image-115\" srcset=\"https:\/\/blog.calcularte.com.br\/wp-content\/uploads\/2020\/09\/planner-computador.jpg 1000w, https:\/\/blog.calcularte.com.br\/wp-content\/uploads\/2020\/09\/planner-computador-300x200.jpg 300w, https:\/\/blog.calcularte.com.br\/wp-content\/uploads\/2020\/09\/planner-computador-768x512.jpg 768w\" sizes=\"auto, (max-width: 1000px) 100vw, 1000px\" \/><\/figure><div class=\"wp-block-media-text__content\">\n<h4 class=\"has-vivid-purple-color has-text-color wp-block-heading\">4 &#8211; PLANEJAMENTO DE TEMPO:<\/h4>\n\n\n\n<p>Reservar um tempo para todas as atividades do seu neg\u00f3cio far\u00e1 com que <strong>VOC\u00ca controle seu ateli\u00ea e n\u00e3o o contr\u00e1rio<\/strong>. Tem que existir o tempo de produ\u00e7\u00e3o, atendimento, administra\u00e7\u00e3o, etc. Otimize o tempo e planeje para cumprir sua agenda. Jamais deixe a gest\u00e3o do neg\u00f3cio de lado por &#8220;falta de tempo&#8221;, pois isso vai te custar caro no futuro. Fazer da administra\u00e7\u00e3o parte da sua rotina vai te poupar tempo e otimizar sua lucratividade.<\/p>\n<\/div><\/div>\n\n\n\n<h4 class=\"has-vivid-purple-color has-text-color wp-block-heading\">5 &#8211; HIST\u00d3RICO DE CLIENTES E PEDIDOS:<\/h4>\n\n\n\n<figure class=\"wp-block-image size-large is-resized\"><a href=\"https:\/\/blog.calcularte.com.br\/wp-content\/uploads\/2020\/09\/controle-pagamentos-pedidos.jpg\"><img loading=\"lazy\" decoding=\"async\" src=\"https:\/\/blog.calcularte.com.br\/wp-content\/uploads\/2020\/09\/controle-pagamentos-pedidos-1024x155.jpg\" alt=\"cadastro-de-clientes\" class=\"wp-image-113\" width=\"1205\" height=\"182\" srcset=\"https:\/\/blog.calcularte.com.br\/wp-content\/uploads\/2020\/09\/controle-pagamentos-pedidos-1024x155.jpg 1024w, https:\/\/blog.calcularte.com.br\/wp-content\/uploads\/2020\/09\/controle-pagamentos-pedidos-300x45.jpg 300w, https:\/\/blog.calcularte.com.br\/wp-content\/uploads\/2020\/09\/controle-pagamentos-pedidos-768x116.jpg 768w, https:\/\/blog.calcularte.com.br\/wp-content\/uploads\/2020\/09\/controle-pagamentos-pedidos-1536x232.jpg 1536w, https:\/\/blog.calcularte.com.br\/wp-content\/uploads\/2020\/09\/controle-pagamentos-pedidos.jpg 1900w\" sizes=\"auto, (max-width: 1205px) 100vw, 1205px\" \/><\/a><figcaption><em>Cadastro de clientes e hist\u00f3rico de pedidos no <a href=\"http:\/\/www.calcularte.com.br\">Calcularte<\/a><\/em><\/figcaption><\/figure>\n\n\n\n<p>Sabendo quando e o que vendeu para seu cliente, voc\u00ea poder\u00e1 fideliz\u00e1-lo para mais vendas. Por exemplo, voc\u00ea fez a festa de anivers\u00e1rio do filho da cliente, ent\u00e3o j\u00e1 sabe que daqui no ano seguinte ter\u00e1 o mesmo evento.  Ent\u00e3o, se antecipe entrando em contato uns meses antes, mostrando suas novidades para fechar a festa novamente.<\/p>\n\n\n\n<div class=\"wp-block-image\"><figure class=\"aligncenter size-large is-resized\"><img loading=\"lazy\" decoding=\"async\" src=\"https:\/\/blog.calcularte.com.br\/wp-content\/uploads\/2020\/09\/viver-de-artesanato.jpg\" alt=\"negocio-artesanal-lucrativo\" class=\"wp-image-116\" width=\"581\" height=\"387\" srcset=\"https:\/\/blog.calcularte.com.br\/wp-content\/uploads\/2020\/09\/viver-de-artesanato.jpg 1000w, https:\/\/blog.calcularte.com.br\/wp-content\/uploads\/2020\/09\/viver-de-artesanato-300x200.jpg 300w, https:\/\/blog.calcularte.com.br\/wp-content\/uploads\/2020\/09\/viver-de-artesanato-768x512.jpg 768w\" sizes=\"auto, (max-width: 581px) 100vw, 581px\" \/><\/figure><\/div>\n\n\n\n<p>Esses s\u00e3o apenas 5 de muitos<strong> motivos<\/strong> para voc\u00ea <strong>organizar seu neg\u00f3cio e viver de artesanato<\/strong>. Ent\u00e3o n\u00e3o perca mais tempo, <strong>comece j\u00e1 a fazer a administra\u00e7\u00e3o do seu neg\u00f3cio, pois assim voc\u00ea poder\u00e1 conquistar sua liberdade financeira trabalhando em casa, fazendo o que ama<\/strong>. <\/p>\n\n\n\n<p>Com uma <strong>ferramenta especifica para organizar neg\u00f3cio artesanal<\/strong> voc\u00ea tem tudo isso e mais. Esse \u00e9 o objetivo do Calcularte, que \u00e9 um <strong>software para artesanato para voc\u00ea fazer a gest\u00e3o do seu neg\u00f3cio<\/strong> com tranquilidade em um \u00fanico sistema, sem ter de se adaptar \u00e0 ferramentas de gest\u00e3o gen\u00e9ricas.<br><strong>Conte com o Calcularte para organizar seu ateli\u00ea! <a href=\"http:\/\/www.calcularte.com.br\">Conhe\u00e7a agora mesmo clicando aqu<\/a>i.<\/strong><\/p>\n","protected":false},"excerpt":{"rendered":"<p>Voc\u00ea trabalha com produtos feitos \u00e0 m\u00e3o, mas ainda n\u00e3o consegue se organizar para fazer a gest\u00e3o do seu neg\u00f3cio artesanal? Cuidado, voc\u00ea pode acabar perdendo dinheiro! Ent\u00e3o veja agora 5 motivos para voc\u00ea&#46;&#46;&#46;<\/p>\n","protected":false},"author":1,"featured_media":109,"comment_status":"open","ping_status":"open","sticky":false,"template":"","format":"standard","meta":{"footnotes":""},"categories":[2,3],"tags":[38,42,39,43,36,37,35,40,44,41,10],"class_list":["post-108","post","type-post","status-publish","format-standard","has-post-thumbnail","hentry","category-dicas-calcularte","category-empreendedorismo","tag-administracao-do-negocio","tag-controle-de-pedidos","tag-controle-do-negocio-artesanal","tag-controle-financeiro","tag-gestao","tag-gestao-do-negocio","tag-organizacao","tag-organizacao-do-negocio-artesanal","tag-planejamento-de-tempo","tag-planner","tag-precificacao"],"yoast_head":"<!-- This site is optimized with the Yoast SEO plugin v24.9 - https:\/\/yoast.com\/wordpress\/plugins\/seo\/ -->\n<title>5 motivos para organizar seu neg\u00f3cio artesanal &#8211; Blog do Calcularte<\/title>\n<meta name=\"description\" content=\"Veja porque voc\u00ea deve se organizar e fazer a gest\u00e3o do seu neg\u00f3cio artesanal para que ele seja mais lucrativo. \u00c9 poss\u00edvel viver de artesanato!\" \/>\n<meta name=\"robots\" content=\"index, follow, max-snippet:-1, max-image-preview:large, max-video-preview:-1\" \/>\n<link rel=\"canonical\" href=\"https:\/\/ec2-54-81-104-194.compute-1.amazonaws.com\/index.php\/2020\/09\/08\/como-organizar-seu-negocio-de-artesanato\/\" \/>\n<meta property=\"og:locale\" content=\"pt_BR\" \/>\n<meta property=\"og:type\" content=\"article\" \/>\n<meta property=\"og:title\" content=\"5 motivos para organizar seu neg\u00f3cio artesanal &#8211; Blog do Calcularte\" \/>\n<meta property=\"og:description\" content=\"Veja porque voc\u00ea deve se organizar e fazer a gest\u00e3o do seu neg\u00f3cio artesanal para que ele seja mais lucrativo. \u00c9 poss\u00edvel viver de artesanato!\" \/>\n<meta property=\"og:url\" content=\"https:\/\/ec2-54-81-104-194.compute-1.amazonaws.com\/index.php\/2020\/09\/08\/como-organizar-seu-negocio-de-artesanato\/\" \/>\n<meta property=\"og:site_name\" content=\"Blog do Calcularte\" \/>\n<meta property=\"article:publisher\" content=\"https:\/\/www.facebook.com\/calcularte\" \/>\n<meta property=\"article:published_time\" content=\"2020-09-09T01:07:46+00:00\" \/>\n<meta property=\"article:modified_time\" content=\"2020-09-09T01:07:48+00:00\" \/>\n<meta property=\"og:image\" content=\"https:\/\/ec2-54-81-104-194.compute-1.amazonaws.com\/wp-content\/uploads\/2020\/09\/mesa-atelie.jpg\" \/>\n\t<meta property=\"og:image:width\" content=\"1000\" \/>\n\t<meta property=\"og:image:height\" content=\"667\" \/>\n\t<meta property=\"og:image:type\" content=\"image\/jpeg\" \/>\n<meta name=\"author\" content=\"Vanessa Longo\" \/>\n<meta name=\"twitter:card\" content=\"summary_large_image\" \/>\n<meta name=\"twitter:label1\" content=\"Escrito por\" \/>\n\t<meta name=\"twitter:data1\" content=\"Vanessa Longo\" \/>\n\t<meta name=\"twitter:label2\" content=\"Est. tempo de leitura\" \/>\n\t<meta name=\"twitter:data2\" content=\"3 minutos\" \/>\n<script type=\"application\/ld+json\" class=\"yoast-schema-graph\">{\"@context\":\"https:\/\/schema.org\",\"@graph\":[{\"@type\":\"Article\",\"@id\":\"https:\/\/ec2-54-81-104-194.compute-1.amazonaws.com\/index.php\/2020\/09\/08\/como-organizar-seu-negocio-de-artesanato\/#article\",\"isPartOf\":{\"@id\":\"https:\/\/ec2-54-81-104-194.compute-1.amazonaws.com\/index.php\/2020\/09\/08\/como-organizar-seu-negocio-de-artesanato\/\"},\"author\":{\"name\":\"Vanessa Longo\",\"@id\":\"https:\/\/blog.calcularte.com.br\/#\/schema\/person\/6820c52e9059420b1361c3eb567295a4\"},\"headline\":\"5 motivos para organizar seu neg\u00f3cio artesanal\",\"datePublished\":\"2020-09-09T01:07:46+00:00\",\"dateModified\":\"2020-09-09T01:07:48+00:00\",\"mainEntityOfPage\":{\"@id\":\"https:\/\/ec2-54-81-104-194.compute-1.amazonaws.com\/index.php\/2020\/09\/08\/como-organizar-seu-negocio-de-artesanato\/\"},\"wordCount\":679,\"commentCount\":0,\"publisher\":{\"@id\":\"https:\/\/blog.calcularte.com.br\/#organization\"},\"image\":{\"@id\":\"https:\/\/ec2-54-81-104-194.compute-1.amazonaws.com\/index.php\/2020\/09\/08\/como-organizar-seu-negocio-de-artesanato\/#primaryimage\"},\"thumbnailUrl\":\"https:\/\/blog.calcularte.com.br\/wp-content\/uploads\/2020\/09\/mesa-atelie.jpg\",\"keywords\":[\"administra\u00e7\u00e3o do neg\u00f3cio\",\"controle de pedidos\",\"controle do neg\u00f3cio artesanal\",\"controle financeiro\",\"gest\u00e3o\",\"gest\u00e3o do neg\u00f3cio\",\"organiza\u00e7\u00e3o\",\"organiza\u00e7\u00e3o do neg\u00f3cio artesanal\",\"planejamento de tempo\",\"planner\",\"precifica\u00e7\u00e3o\"],\"articleSection\":[\"Dicas Calcularte\",\"Empreendedorismo\"],\"inLanguage\":\"pt-BR\",\"potentialAction\":[{\"@type\":\"CommentAction\",\"name\":\"Comment\",\"target\":[\"https:\/\/ec2-54-81-104-194.compute-1.amazonaws.com\/index.php\/2020\/09\/08\/como-organizar-seu-negocio-de-artesanato\/#respond\"]}]},{\"@type\":\"WebPage\",\"@id\":\"https:\/\/ec2-54-81-104-194.compute-1.amazonaws.com\/index.php\/2020\/09\/08\/como-organizar-seu-negocio-de-artesanato\/\",\"url\":\"https:\/\/ec2-54-81-104-194.compute-1.amazonaws.com\/index.php\/2020\/09\/08\/como-organizar-seu-negocio-de-artesanato\/\",\"name\":\"5 motivos para organizar seu neg\u00f3cio artesanal &#8211; Blog do Calcularte\",\"isPartOf\":{\"@id\":\"https:\/\/blog.calcularte.com.br\/#website\"},\"primaryImageOfPage\":{\"@id\":\"https:\/\/ec2-54-81-104-194.compute-1.amazonaws.com\/index.php\/2020\/09\/08\/como-organizar-seu-negocio-de-artesanato\/#primaryimage\"},\"image\":{\"@id\":\"https:\/\/ec2-54-81-104-194.compute-1.amazonaws.com\/index.php\/2020\/09\/08\/como-organizar-seu-negocio-de-artesanato\/#primaryimage\"},\"thumbnailUrl\":\"https:\/\/blog.calcularte.com.br\/wp-content\/uploads\/2020\/09\/mesa-atelie.jpg\",\"datePublished\":\"2020-09-09T01:07:46+00:00\",\"dateModified\":\"2020-09-09T01:07:48+00:00\",\"description\":\"Veja porque voc\u00ea deve se organizar e fazer a gest\u00e3o do seu neg\u00f3cio artesanal para que ele seja mais lucrativo. \u00c9 poss\u00edvel viver de artesanato!\",\"breadcrumb\":{\"@id\":\"https:\/\/ec2-54-81-104-194.compute-1.amazonaws.com\/index.php\/2020\/09\/08\/como-organizar-seu-negocio-de-artesanato\/#breadcrumb\"},\"inLanguage\":\"pt-BR\",\"potentialAction\":[{\"@type\":\"ReadAction\",\"target\":[\"https:\/\/ec2-54-81-104-194.compute-1.amazonaws.com\/index.php\/2020\/09\/08\/como-organizar-seu-negocio-de-artesanato\/\"]}]},{\"@type\":\"ImageObject\",\"inLanguage\":\"pt-BR\",\"@id\":\"https:\/\/ec2-54-81-104-194.compute-1.amazonaws.com\/index.php\/2020\/09\/08\/como-organizar-seu-negocio-de-artesanato\/#primaryimage\",\"url\":\"https:\/\/blog.calcularte.com.br\/wp-content\/uploads\/2020\/09\/mesa-atelie.jpg\",\"contentUrl\":\"https:\/\/blog.calcularte.com.br\/wp-content\/uploads\/2020\/09\/mesa-atelie.jpg\",\"width\":1000,\"height\":667,\"caption\":\"organizar-negocio-artesanal\"},{\"@type\":\"BreadcrumbList\",\"@id\":\"https:\/\/ec2-54-81-104-194.compute-1.amazonaws.com\/index.php\/2020\/09\/08\/como-organizar-seu-negocio-de-artesanato\/#breadcrumb\",\"itemListElement\":[{\"@type\":\"ListItem\",\"position\":1,\"name\":\"In\u00edcio\",\"item\":\"https:\/\/blog.calcularte.com.br\/\"},{\"@type\":\"ListItem\",\"position\":2,\"name\":\"5 motivos para organizar seu neg\u00f3cio artesanal\"}]},{\"@type\":\"WebSite\",\"@id\":\"https:\/\/blog.calcularte.com.br\/#website\",\"url\":\"https:\/\/blog.calcularte.com.br\/\",\"name\":\"Blog do Calcularte\",\"description\":\"Torne o seu neg\u00f3cio artesanal lucrativo\",\"publisher\":{\"@id\":\"https:\/\/blog.calcularte.com.br\/#organization\"},\"potentialAction\":[{\"@type\":\"SearchAction\",\"target\":{\"@type\":\"EntryPoint\",\"urlTemplate\":\"https:\/\/blog.calcularte.com.br\/?s={search_term_string}\"},\"query-input\":{\"@type\":\"PropertyValueSpecification\",\"valueRequired\":true,\"valueName\":\"search_term_string\"}}],\"inLanguage\":\"pt-BR\"},{\"@type\":\"Organization\",\"@id\":\"https:\/\/blog.calcularte.com.br\/#organization\",\"name\":\"Calcularte\",\"url\":\"https:\/\/blog.calcularte.com.br\/\",\"logo\":{\"@type\":\"ImageObject\",\"inLanguage\":\"pt-BR\",\"@id\":\"https:\/\/blog.calcularte.com.br\/#\/schema\/logo\/image\/\",\"url\":\"https:\/\/blog.calcularte.com.br\/wp-content\/uploads\/2020\/09\/logo.jpg\",\"contentUrl\":\"https:\/\/blog.calcularte.com.br\/wp-content\/uploads\/2020\/09\/logo.jpg\",\"width\":372,\"height\":157,\"caption\":\"Calcularte\"},\"image\":{\"@id\":\"https:\/\/blog.calcularte.com.br\/#\/schema\/logo\/image\/\"},\"sameAs\":[\"https:\/\/www.facebook.com\/calcularte\",\"https:\/\/www.instagram.com\/facebook\",\"https:\/\/www.youtube.com\/calculartebrasil\"]},{\"@type\":\"Person\",\"@id\":\"https:\/\/blog.calcularte.com.br\/#\/schema\/person\/6820c52e9059420b1361c3eb567295a4\",\"name\":\"Vanessa Longo\",\"image\":{\"@type\":\"ImageObject\",\"inLanguage\":\"pt-BR\",\"@id\":\"https:\/\/blog.calcularte.com.br\/#\/schema\/person\/image\/\",\"url\":\"https:\/\/secure.gravatar.com\/avatar\/952e3da2af0942ab85a1d687af968dc6023f1eedb5e18165ceca25254e277af5?s=96&d=wavatar&r=g\",\"contentUrl\":\"https:\/\/secure.gravatar.com\/avatar\/952e3da2af0942ab85a1d687af968dc6023f1eedb5e18165ceca25254e277af5?s=96&d=wavatar&r=g\",\"caption\":\"Vanessa Longo\"},\"description\":\"Publicit\u00e1ria de forma\u00e7\u00e3o, artes\u00e3 de cora\u00e7\u00e3o. F\u00e3 de empreendedorismo, especialmente de neg\u00f3cios criativos. J\u00e1 teve seu ateli\u00ea de papelaria personalizada e hoje se dedica de corpo e alma ao Calcularte!\",\"sameAs\":[\"https:\/\/blog.calcularte.com.br\/blog\"],\"url\":\"https:\/\/blog.calcularte.com.br\/index.php\/author\/vanessa\/\"}]}<\/script>\n<!-- \/ Yoast SEO plugin. -->","yoast_head_json":{"title":"5 motivos para organizar seu neg\u00f3cio artesanal &#8211; Blog do Calcularte","description":"Veja porque voc\u00ea deve se organizar e fazer a gest\u00e3o do seu neg\u00f3cio artesanal para que ele seja mais lucrativo. \u00c9 poss\u00edvel viver de artesanato!","robots":{"index":"index","follow":"follow","max-snippet":"max-snippet:-1","max-image-preview":"max-image-preview:large","max-video-preview":"max-video-preview:-1"},"canonical":"https:\/\/ec2-54-81-104-194.compute-1.amazonaws.com\/index.php\/2020\/09\/08\/como-organizar-seu-negocio-de-artesanato\/","og_locale":"pt_BR","og_type":"article","og_title":"5 motivos para organizar seu neg\u00f3cio artesanal &#8211; Blog do Calcularte","og_description":"Veja porque voc\u00ea deve se organizar e fazer a gest\u00e3o do seu neg\u00f3cio artesanal para que ele seja mais lucrativo. \u00c9 poss\u00edvel viver de artesanato!","og_url":"https:\/\/ec2-54-81-104-194.compute-1.amazonaws.com\/index.php\/2020\/09\/08\/como-organizar-seu-negocio-de-artesanato\/","og_site_name":"Blog do Calcularte","article_publisher":"https:\/\/www.facebook.com\/calcularte","article_published_time":"2020-09-09T01:07:46+00:00","article_modified_time":"2020-09-09T01:07:48+00:00","og_image":[{"width":1000,"height":667,"url":"https:\/\/ec2-54-81-104-194.compute-1.amazonaws.com\/wp-content\/uploads\/2020\/09\/mesa-atelie.jpg","type":"image\/jpeg"}],"author":"Vanessa Longo","twitter_card":"summary_large_image","twitter_misc":{"Escrito por":"Vanessa Longo","Est. tempo de leitura":"3 minutos"},"schema":{"@context":"https:\/\/schema.org","@graph":[{"@type":"Article","@id":"https:\/\/ec2-54-81-104-194.compute-1.amazonaws.com\/index.php\/2020\/09\/08\/como-organizar-seu-negocio-de-artesanato\/#article","isPartOf":{"@id":"https:\/\/ec2-54-81-104-194.compute-1.amazonaws.com\/index.php\/2020\/09\/08\/como-organizar-seu-negocio-de-artesanato\/"},"author":{"name":"Vanessa Longo","@id":"https:\/\/blog.calcularte.com.br\/#\/schema\/person\/6820c52e9059420b1361c3eb567295a4"},"headline":"5 motivos para organizar seu neg\u00f3cio artesanal","datePublished":"2020-09-09T01:07:46+00:00","dateModified":"2020-09-09T01:07:48+00:00","mainEntityOfPage":{"@id":"https:\/\/ec2-54-81-104-194.compute-1.amazonaws.com\/index.php\/2020\/09\/08\/como-organizar-seu-negocio-de-artesanato\/"},"wordCount":679,"commentCount":0,"publisher":{"@id":"https:\/\/blog.calcularte.com.br\/#organization"},"image":{"@id":"https:\/\/ec2-54-81-104-194.compute-1.amazonaws.com\/index.php\/2020\/09\/08\/como-organizar-seu-negocio-de-artesanato\/#primaryimage"},"thumbnailUrl":"https:\/\/blog.calcularte.com.br\/wp-content\/uploads\/2020\/09\/mesa-atelie.jpg","keywords":["administra\u00e7\u00e3o do neg\u00f3cio","controle de pedidos","controle do neg\u00f3cio artesanal","controle financeiro","gest\u00e3o","gest\u00e3o do neg\u00f3cio","organiza\u00e7\u00e3o","organiza\u00e7\u00e3o do neg\u00f3cio artesanal","planejamento de tempo","planner","precifica\u00e7\u00e3o"],"articleSection":["Dicas Calcularte","Empreendedorismo"],"inLanguage":"pt-BR","potentialAction":[{"@type":"CommentAction","name":"Comment","target":["https:\/\/ec2-54-81-104-194.compute-1.amazonaws.com\/index.php\/2020\/09\/08\/como-organizar-seu-negocio-de-artesanato\/#respond"]}]},{"@type":"WebPage","@id":"https:\/\/ec2-54-81-104-194.compute-1.amazonaws.com\/index.php\/2020\/09\/08\/como-organizar-seu-negocio-de-artesanato\/","url":"https:\/\/ec2-54-81-104-194.compute-1.amazonaws.com\/index.php\/2020\/09\/08\/como-organizar-seu-negocio-de-artesanato\/","name":"5 motivos para organizar seu neg\u00f3cio artesanal &#8211; Blog do Calcularte","isPartOf":{"@id":"https:\/\/blog.calcularte.com.br\/#website"},"primaryImageOfPage":{"@id":"https:\/\/ec2-54-81-104-194.compute-1.amazonaws.com\/index.php\/2020\/09\/08\/como-organizar-seu-negocio-de-artesanato\/#primaryimage"},"image":{"@id":"https:\/\/ec2-54-81-104-194.compute-1.amazonaws.com\/index.php\/2020\/09\/08\/como-organizar-seu-negocio-de-artesanato\/#primaryimage"},"thumbnailUrl":"https:\/\/blog.calcularte.com.br\/wp-content\/uploads\/2020\/09\/mesa-atelie.jpg","datePublished":"2020-09-09T01:07:46+00:00","dateModified":"2020-09-09T01:07:48+00:00","description":"Veja porque voc\u00ea deve se organizar e fazer a gest\u00e3o do seu neg\u00f3cio artesanal para que ele seja mais lucrativo. \u00c9 poss\u00edvel viver de artesanato!","breadcrumb":{"@id":"https:\/\/ec2-54-81-104-194.compute-1.amazonaws.com\/index.php\/2020\/09\/08\/como-organizar-seu-negocio-de-artesanato\/#breadcrumb"},"inLanguage":"pt-BR","potentialAction":[{"@type":"ReadAction","target":["https:\/\/ec2-54-81-104-194.compute-1.amazonaws.com\/index.php\/2020\/09\/08\/como-organizar-seu-negocio-de-artesanato\/"]}]},{"@type":"ImageObject","inLanguage":"pt-BR","@id":"https:\/\/ec2-54-81-104-194.compute-1.amazonaws.com\/index.php\/2020\/09\/08\/como-organizar-seu-negocio-de-artesanato\/#primaryimage","url":"https:\/\/blog.calcularte.com.br\/wp-content\/uploads\/2020\/09\/mesa-atelie.jpg","contentUrl":"https:\/\/blog.calcularte.com.br\/wp-content\/uploads\/2020\/09\/mesa-atelie.jpg","width":1000,"height":667,"caption":"organizar-negocio-artesanal"},{"@type":"BreadcrumbList","@id":"https:\/\/ec2-54-81-104-194.compute-1.amazonaws.com\/index.php\/2020\/09\/08\/como-organizar-seu-negocio-de-artesanato\/#breadcrumb","itemListElement":[{"@type":"ListItem","position":1,"name":"In\u00edcio","item":"https:\/\/blog.calcularte.com.br\/"},{"@type":"ListItem","position":2,"name":"5 motivos para organizar seu neg\u00f3cio artesanal"}]},{"@type":"WebSite","@id":"https:\/\/blog.calcularte.com.br\/#website","url":"https:\/\/blog.calcularte.com.br\/","name":"Blog do Calcularte","description":"Torne o seu neg\u00f3cio artesanal lucrativo","publisher":{"@id":"https:\/\/blog.calcularte.com.br\/#organization"},"potentialAction":[{"@type":"SearchAction","target":{"@type":"EntryPoint","urlTemplate":"https:\/\/blog.calcularte.com.br\/?s={search_term_string}"},"query-input":{"@type":"PropertyValueSpecification","valueRequired":true,"valueName":"search_term_string"}}],"inLanguage":"pt-BR"},{"@type":"Organization","@id":"https:\/\/blog.calcularte.com.br\/#organization","name":"Calcularte","url":"https:\/\/blog.calcularte.com.br\/","logo":{"@type":"ImageObject","inLanguage":"pt-BR","@id":"https:\/\/blog.calcularte.com.br\/#\/schema\/logo\/image\/","url":"https:\/\/blog.calcularte.com.br\/wp-content\/uploads\/2020\/09\/logo.jpg","contentUrl":"https:\/\/blog.calcularte.com.br\/wp-content\/uploads\/2020\/09\/logo.jpg","width":372,"height":157,"caption":"Calcularte"},"image":{"@id":"https:\/\/blog.calcularte.com.br\/#\/schema\/logo\/image\/"},"sameAs":["https:\/\/www.facebook.com\/calcularte","https:\/\/www.instagram.com\/facebook","https:\/\/www.youtube.com\/calculartebrasil"]},{"@type":"Person","@id":"https:\/\/blog.calcularte.com.br\/#\/schema\/person\/6820c52e9059420b1361c3eb567295a4","name":"Vanessa Longo","image":{"@type":"ImageObject","inLanguage":"pt-BR","@id":"https:\/\/blog.calcularte.com.br\/#\/schema\/person\/image\/","url":"https:\/\/secure.gravatar.com\/avatar\/952e3da2af0942ab85a1d687af968dc6023f1eedb5e18165ceca25254e277af5?s=96&d=wavatar&r=g","contentUrl":"https:\/\/secure.gravatar.com\/avatar\/952e3da2af0942ab85a1d687af968dc6023f1eedb5e18165ceca25254e277af5?s=96&d=wavatar&r=g","caption":"Vanessa Longo"},"description":"Publicit\u00e1ria de forma\u00e7\u00e3o, artes\u00e3 de cora\u00e7\u00e3o. F\u00e3 de empreendedorismo, especialmente de neg\u00f3cios criativos. J\u00e1 teve seu ateli\u00ea de papelaria personalizada e hoje se dedica de corpo e alma ao Calcularte!","sameAs":["https:\/\/blog.calcularte.com.br\/blog"],"url":"https:\/\/blog.calcularte.com.br\/index.php\/author\/vanessa\/"}]}},"_links":{"self":[{"href":"https:\/\/blog.calcularte.com.br\/index.php\/wp-json\/wp\/v2\/posts\/108","targetHints":{"allow":["GET"]}}],"collection":[{"href":"https:\/\/blog.calcularte.com.br\/index.php\/wp-json\/wp\/v2\/posts"}],"about":[{"href":"https:\/\/blog.calcularte.com.br\/index.php\/wp-json\/wp\/v2\/types\/post"}],"author":[{"embeddable":true,"href":"https:\/\/blog.calcularte.com.br\/index.php\/wp-json\/wp\/v2\/users\/1"}],"replies":[{"embeddable":true,"href":"https:\/\/blog.calcularte.com.br\/index.php\/wp-json\/wp\/v2\/comments?post=108"}],"version-history":[{"count":8,"href":"https:\/\/blog.calcularte.com.br\/index.php\/wp-json\/wp\/v2\/posts\/108\/revisions"}],"predecessor-version":[{"id":126,"href":"https:\/\/blog.calcularte.com.br\/index.php\/wp-json\/wp\/v2\/posts\/108\/revisions\/126"}],"wp:featuredmedia":[{"embeddable":true,"href":"https:\/\/blog.calcularte.com.br\/index.php\/wp-json\/wp\/v2\/media\/109"}],"wp:attachment":[{"href":"https:\/\/blog.calcularte.com.br\/index.php\/wp-json\/wp\/v2\/media?parent=108"}],"wp:term":[{"taxonomy":"category","embeddable":true,"href":"https:\/\/blog.calcularte.com.br\/index.php\/wp-json\/wp\/v2\/categories?post=108"},{"taxonomy":"post_tag","embeddable":true,"href":"https:\/\/blog.calcularte.com.br\/index.php\/wp-json\/wp\/v2\/tags?post=108"}],"curies":[{"name":"wp","href":"https:\/\/api.w.org\/{rel}","templated":true}]}}