{"id":195,"date":"2020-10-12T09:00:00","date_gmt":"2020-10-12T12:00:00","guid":{"rendered":"https:\/\/blog.calcularte.com.br\/?p=195"},"modified":"2022-05-23T13:55:43","modified_gmt":"2022-05-23T16:55:43","slug":"canva-para-negocios-feed-profissional","status":"publish","type":"post","link":"https:\/\/blog.calcularte.com.br\/index.php\/2020\/10\/12\/canva-para-negocios-feed-profissional\/","title":{"rendered":"Canva para neg\u00f3cios: torne seu feed mais profissional"},"content":{"rendered":"\n<div class=\"wp-block-image is-style-default\"><figure class=\"aligncenter size-large\"><img loading=\"lazy\" decoding=\"async\" width=\"694\" height=\"188\" src=\"https:\/\/blog.calcularte.com.br\/wp-content\/uploads\/2020\/10\/canva-para-negocios-feed-organizado.png\" alt=\"\" class=\"wp-image-197\" srcset=\"https:\/\/blog.calcularte.com.br\/wp-content\/uploads\/2020\/10\/canva-para-negocios-feed-organizado.png 694w, https:\/\/blog.calcularte.com.br\/wp-content\/uploads\/2020\/10\/canva-para-negocios-feed-organizado-300x81.png 300w\" sizes=\"auto, (max-width: 694px) 100vw, 694px\" \/><\/figure><\/div>\n\n\n\n<p>Voc\u00ea j\u00e1 deve ter ouvido falar e provavelmente j\u00e1 usou o <strong><a href=\"http:\/\/www.canva.com\" target=\"_blank\" rel=\"noreferrer noopener\">Canva<\/a><\/strong>, mas voc\u00ea sabe o qu\u00e3o poderoso pode ser usar o Canva para neg\u00f3cios? O post de hoje \u00e9 sobre <strong>dica<\/strong> boa, ent\u00e3o vem que vou te contar!<\/p>\n\n\n\n<h4 class=\"has-vivid-purple-color has-text-color wp-block-heading\"><strong>Para que serve o Canva?<\/strong><\/h4>\n\n\n\n<p>O <strong><a href=\"http:\/\/www.canva.com\" target=\"_blank\" rel=\"noreferrer noopener\">Canva<\/a><\/strong> \u00e9 uma <strong>ferramenta online para cria\u00e7\u00e3o e edi\u00e7\u00e3o de diversos tipos de conte\u00fados visuais<\/strong>. Ele tem uma ampla biblioteca de modelos prontos de layouts, imagens, fundos, fontes, etc. O recurso mais comum \u00e9 a cria\u00e7\u00e3o de posts e stories para redes sociais, mas essa ferramenta vai muito al\u00e9m dessa funcionalidade.<\/p>\n\n\n\n<p>Com ela voc\u00ea pode criar v\u00e1rios tipos de designs, como um ebook, um cart\u00e3o de visita virtual interativo, o seu logotipo e at\u00e9 criar aquele feed em mosaico, que deixa seu Instagram profissional, como uma vitrine. Veja um modelo abaixo:<\/p>\n\n\n\n<div class=\"wp-block-image\"><figure class=\"aligncenter size-large is-resized\"><img loading=\"lazy\" decoding=\"async\" src=\"https:\/\/blog.calcularte.com.br\/wp-content\/uploads\/2020\/10\/modelo-feed2-1.png\" alt=\"feed-mosaico\" class=\"wp-image-203\" width=\"342\" height=\"436\"\/><figcaption><strong>Feed organizado em mosaico:<\/strong><br><strong>o sonho de quem vende pelo Instagram!<\/strong><\/figcaption><\/figure><\/div>\n\n\n\n<h4 class=\"has-vivid-purple-color has-text-color wp-block-heading\"><strong>Como o Canva pode te ajudar?<\/strong><\/h4>\n\n\n\n<p>Vamos combinar que nem toda empreendedora tem <strong>tempo<\/strong> para se dedicar \u00e0 cria\u00e7\u00e3o de imagens para seus posts, certo? Mas uma coisa \u00e9 fato: <strong>a concorr\u00eancia na internet \u00e9 grande e voc\u00ea precisa postar seus produtos da forma mais atrativa poss\u00edvel para se destacar<\/strong>.<\/p>\n\n\n\n<p>O Canva usado para neg\u00f3cios \u00e9 realmente incr\u00edvel e eu sou suspeita para falar, pois uso todo dia aqui no <strong><a href=\"http:\/\/www.calcularte.com.br\" target=\"_blank\" rel=\"noreferrer noopener\">Calcularte<\/a><\/strong> (<strong><a href=\"http:\/\/www.instagram.com\/calcularte\" target=\"_blank\" rel=\"noreferrer noopener\">d\u00e1 uma olhada no nosso insta<\/a><\/strong>, a maioria dos posts foi feito com o <strong>Canva<\/strong>)!<\/p>\n\n\n\n<p>Ele <strong>economiza muito nosso tempo e entrega um resultado super profissional<\/strong>, at\u00e9 mesmo se voc\u00ea nunca elaborou nenhuma arte na sua vida.<\/p>\n\n\n\n<p>Na vers\u00e3o gratuita do <strong><a href=\"http:\/\/www.canva.com\" target=\"_blank\" rel=\"noreferrer noopener\">Canva<\/a><\/strong> d\u00e1 pra produzir muiiiiita coisa linda, o que \u00e9 \u00f3timo!<\/p>\n\n\n\n<p>J\u00e1 no Canva Pro, a vers\u00e3o paga, voc\u00ea tem acesso \u00e0 uma quantidade enorme de imagens, o que facilita muito o trabalho. Al\u00e9m disso existem outros recursos, como redimensionar sua arte, o que ajuda na hora de adaptar o mesmo design para locais diferentes (feed e stories, por ex).<\/p>\n\n\n\n<p class=\"has-pale-pink-background-color has-background\"><strong>Continue lendo, pois tenho um PRESENTE pra voc\u00ea que quer conhecer o Canva Pro!!<\/strong><\/p>\n\n\n\n<h4 class=\"has-vivid-purple-color has-text-color wp-block-heading\"><strong>Otimize seu trabalho com as ferramentas certas<\/strong><\/h4>\n\n\n\n<div class=\"wp-block-image\"><figure class=\"alignleft size-large is-resized\"><img loading=\"lazy\" decoding=\"async\" src=\"https:\/\/blog.calcularte.com.br\/wp-content\/uploads\/2020\/10\/ferramenta-empreendedores.jpg\" alt=\"ferramenta-empreendedores\" class=\"wp-image-204\" width=\"327\" height=\"218\"\/><\/figure><\/div>\n\n\n\n<p>Antes de continuar falando do <strong><a href=\"http:\/\/www.canva.com\/\" target=\"_blank\" rel=\"noreferrer noopener\">Canva<\/a><\/strong>, quero dizer algo que enfatizo no nosso <strong><a href=\"http:\/\/www.instagram.com\/calcularte\" target=\"_blank\" rel=\"noreferrer noopener\">Instagram<\/a><\/strong>: <strong>empreendedores sempre devem procurar por ferramentas que otimizem o seu trabalho<\/strong>.<\/p>\n\n\n\n<p>Isso pode parecer \u00f3bvio, mas muitas pessoas t\u00eam resist\u00eancia a investir em ferramentas para aprimorar o neg\u00f3cio.<\/p>\n\n\n\n<p class=\"has-text-align-left has-black-color has-white-background-color has-text-color has-background\">Entretanto, quando \u00e9 uma ferramenta para a parte t\u00e9cnica, que ajuda na confec\u00e7\u00e3o dos produtos, vejo que essas pessoas fazem esse investimento de forma mais natural.<\/p>\n\n\n\n<p class=\"has-text-align-left has-black-color has-white-background-color has-text-color has-background\">Por exemplo, uma doceira que faz uma quantidade grande de brigadeiros por dia provavelmente pense em comprar uma panela mexedora de doces autom\u00e1tica para otimizar o seu tempo.<\/p>\n\n\n\n<p class=\"has-text-align-left has-black-color has-white-background-color has-text-color has-background\">Por\u00e9m, essa mesma doceira pode n\u00e3o dar o mesmo valor para investir em uma ferramenta para cria\u00e7\u00e3o de posts, administra\u00e7\u00e3o do seu neg\u00f3cio, cursos que n\u00e3o sejam de t\u00e9cnicas (por ex, curso de fotografia, finan\u00e7as&#8230;) etc. <\/p>\n\n\n\n<p class=\"has-text-align-left has-black-color has-white-background-color has-text-color has-background\">Saber fazer a divulga\u00e7\u00e3o, o controle financeiro e como se organizar s\u00e3o tarefas essenciais para manter o neg\u00f3cio em p\u00e9 de forma sustent\u00e1vel. Investir somente em ter um bom produto mas sem saber fazer uma boa divulga\u00e7\u00e3o ou <a href=\"https:\/\/blog.calcularte.com.br\/index.php\/2020\/09\/01\/qual-deve-ser-a-margem-de-lucro-de-um-produto-artesanal\/\"><strong>calcular o pre\u00e7o de venda<\/strong><\/a> pode ser um risco.<\/p>\n\n\n\n<p><strong><a href=\"https:\/\/blog.calcularte.com.br\/index.php\/2020\/09\/08\/como-organizar-seu-negocio-de-artesanato\/\" target=\"_blank\" rel=\"noreferrer noopener\">Neste post falamos sobre os benef\u00edcios de ter um neg\u00f3cio organizado<\/a><\/strong>. Certamente usando as ferramentas corretas ser\u00e1 mais f\u00e1cil de alcan\u00e7ar esse objetivo.<\/p>\n\n\n\n<p>\u00c9 por isso que vamos trazer aqui no blog dicas de ferramentas e cursos que podem te ajudar a tornar seu neg\u00f3cio mais profissional e organizado, sempre priorizando a praticidade, j\u00e1 que vida de empreendedor \u00e9 corrida!<\/p>\n\n\n\n<h4 class=\"has-vivid-purple-color has-text-color wp-block-heading\"><strong>Mas o Canva \u00e9 bom mesmo?<\/strong><\/h4>\n\n\n\n<p>Voltando a falar de design&#8230;.recomendo fortemente o uso do Canva para o seu neg\u00f3cio, pois ele agiliza muito nosso processo criativo. Eu mesma fa\u00e7o a maioria das artes para redes sociais no Canva e olha que sou publicit\u00e1ria ra\u00edz, que faz a arte do zero no Corel, Photoshop&#8230;mas como empreendedora multi-tarefas tamb\u00e9m me rendi \u00e0 rapidez com qualidade que o Canva oferece.<\/p>\n\n\n\n<p class=\"has-black-color has-text-color has-background\" style=\"background-color:#b7fbe0\"><strong>Inclusive, <a href=\"http:\/\/partner.canva.com\/DVM5nG?src=blogcanvanegocios\" target=\"_blank\" rel=\"noreferrer noopener\">clicando aqui neste link<\/a> voc\u00ea poder\u00e1 experimentar o Canva Pro, a vers\u00e3o completa do Canva, por 30 dias! Aproveite essa oportunidade, voc\u00ea n\u00e3o vai se arrepender (e vai se apaixonar com tantos elementos dispon\u00edveis para criar suas artes).<\/strong><\/p>\n\n\n\n<p>O Canva \u00e9 f\u00e1cil de usar, mas se voc\u00ea quiser <strong>aprender mais dessa incr\u00edvel ferramenta<\/strong> e usufruir ao m\u00e1ximo das suas fun\u00e7\u00f5es, indico o <strong>curso<\/strong> &#8220;<strong><a href=\"https:\/\/go.hotmart.com\/B41928604W\" target=\"_blank\" rel=\"noreferrer noopener\">Canva para neg\u00f3cios<\/a><\/strong>&#8220;, da <strong><a href=\"https:\/\/go.hotmart.com\/B41928604W?ap=30eb\" target=\"_blank\" rel=\"noreferrer noopener\">Renata Massa<\/a><\/strong>.<\/p>\n\n\n\n<div class=\"wp-block-image\"><figure class=\"aligncenter size-large is-resized\"><a href=\"https:\/\/tudoparanegocios.com\/?ref=B41928604W\" target=\"_blank\" rel=\"noopener noreferrer\"><img loading=\"lazy\" decoding=\"async\" src=\"https:\/\/blog.calcularte.com.br\/wp-content\/uploads\/2020\/10\/6-1-1024x1024.png\" alt=\"canva-para-negocios\" class=\"wp-image-201\" width=\"512\" height=\"512\"\/><\/a><figcaption><strong><a href=\"https:\/\/go.hotmart.com\/B41928604W?ap=d045\" target=\"_blank\" rel=\"noreferrer noopener\">Curso Canva para Neg\u00f3cios  &#8211; Renata Massa<\/a><\/strong><\/figcaption><\/figure><\/div>\n\n\n\n<p><strong>Esse curso \u00e9 online e tem mais de 150 aulas, do zero ao avan\u00e7ado, onde ela ensina por exemplo, a criar seu cart\u00e3o de visita digital interativo, feed organizado em mosaico e muito mais.<\/strong> <strong><a rel=\"noreferrer noopener\" href=\"https:\/\/go.hotmart.com\/B41928604W?ap=4b01\" target=\"_blank\">Voc\u00ea pode conhecer o curso por dentro clicando aqui<\/a><\/strong>.<\/p>\n\n\n\n<p>Se voc\u00ea gostou do curso, aproveite para compr\u00e1-lo por um valor super especial, basta clicar no bot\u00e3o abaixo para ter acesso a essa oferta:<\/p>\n\n\n\n<div class=\"wp-block-buttons aligncenter is-layout-flex wp-block-buttons-is-layout-flex\">\n<div class=\"wp-block-button\"><a class=\"wp-block-button__link has-pale-pink-background-color has-background\" href=\"https:\/\/go.hotmart.com\/B41928604W?ap=d045\" target=\"_blank\" rel=\"noreferrer noopener\">EU QUERO A OFERTA ESPECIAL DO CURSO CANVA PARA NEG\u00d3CIOS<\/a><\/div>\n<\/div>\n\n\n\n<div style=\"height:45px\" aria-hidden=\"true\" class=\"wp-block-spacer\"><\/div>\n\n\n\n<h4 class=\"has-vivid-purple-color has-text-color wp-block-heading\"><strong>Conte\u00fado gratuito e mais cursos para se diferenciar dos concorrentes:<\/strong><\/h4>\n\n\n\n<p>A <strong><a href=\"https:\/\/renatamassa.com.br\/\" target=\"_blank\" rel=\"noreferrer noopener\">Renata Massa<\/a><\/strong> \u00e9 uma empreendedora digital super conceituada e tem bons treinamentos para quem tem um neg\u00f3cio e quer aprender a alavanc\u00e1-lo na internet.<\/p>\n\n\n\n<p>Vou deixar abaixo os links dos outros cursos, mas antes confira esse<strong> <a href=\"https:\/\/go.hotmart.com\/B41928604W?ap=38ab\" target=\"_blank\" rel=\"noreferrer noopener\">e-book gratuito onde ela d\u00e1 dicas para ter um feed mais atrante. \u00c9 s\u00f3 clicar no link abaixo para baixar<\/a><\/strong>:<\/p>\n\n\n\n<div class=\"wp-block-image\"><figure class=\"aligncenter size-large is-resized\"><img loading=\"lazy\" decoding=\"async\" src=\"https:\/\/blog.calcularte.com.br\/wp-content\/uploads\/2020\/10\/ebook-gratuito-1024x576.png\" alt=\"ebook-renata-massa\" class=\"wp-image-202\" width=\"512\" height=\"288\"\/><figcaption><strong><a href=\"https:\/\/go.hotmart.com\/B41928604W?ap=38ab\" target=\"_blank\" rel=\"noreferrer noopener\">Baixe o ebook gratuitamente aqui<\/a><\/strong><\/figcaption><\/figure><\/div>\n\n\n\n<p>A seguir est\u00e3o os outros cursos da Renata Massa. E olha que bacana, <strong>tanto o &#8220;<a rel=\"noreferrer noopener\" href=\"https:\/\/go.hotmart.com\/B41928604W\" target=\"_blank\">Canva para Neg\u00f3cios<\/a>&#8221; quanto os outros cursos est\u00e3o com um desconto especial por tempo limitado<\/strong>:<\/p>\n\n\n\n<div class=\"wp-block-image is-style-rounded\"><figure class=\"alignleft size-large is-resized\"><img loading=\"lazy\" decoding=\"async\" src=\"https:\/\/blog.calcularte.com.br\/wp-content\/uploads\/2020\/10\/instagram-para-negocios-1024x1024.png\" alt=\"curso-instagram-para-negocios\" class=\"wp-image-198\" width=\"300\" height=\"300\" srcset=\"https:\/\/blog.calcularte.com.br\/wp-content\/uploads\/2020\/10\/instagram-para-negocios-1024x1024.png 1024w, https:\/\/blog.calcularte.com.br\/wp-content\/uploads\/2020\/10\/instagram-para-negocios-300x300.png 300w, https:\/\/blog.calcularte.com.br\/wp-content\/uploads\/2020\/10\/instagram-para-negocios-150x150.png 150w, https:\/\/blog.calcularte.com.br\/wp-content\/uploads\/2020\/10\/instagram-para-negocios-768x768.png 768w, https:\/\/blog.calcularte.com.br\/wp-content\/uploads\/2020\/10\/instagram-para-negocios-80x80.png 80w, https:\/\/blog.calcularte.com.br\/wp-content\/uploads\/2020\/10\/instagram-para-negocios-320x320.png 320w, https:\/\/blog.calcularte.com.br\/wp-content\/uploads\/2020\/10\/instagram-para-negocios.png 1080w\" sizes=\"auto, (max-width: 300px) 100vw, 300px\" \/><figcaption><a href=\"https:\/\/go.hotmart.com\/F42012516W\" target=\"_blank\" rel=\"noreferrer noopener\"><strong>Curso Instagram para Neg\u00f3cios &#8211; Renata Massa<\/strong><\/a><\/figcaption><\/figure><\/div>\n\n\n\n<p><\/p>\n\n\n\n<p><\/p>\n\n\n\n<p><strong><a href=\"https:\/\/go.hotmart.com\/F42012516W\" target=\"_blank\" rel=\"noreferrer noopener\">Instagram para Neg\u00f3cios &#8211; veja tudo o que voc\u00ea pode aprender neste curso clicando aqui<\/a><\/strong><\/p>\n\n\n\n<p><\/p>\n\n\n\n<div style=\"height:42px\" aria-hidden=\"true\" class=\"wp-block-spacer\"><\/div>\n\n\n\n<p><\/p>\n\n\n\n<div class=\"wp-block-image is-style-rounded\"><figure class=\"alignleft size-large is-resized\"><img loading=\"lazy\" decoding=\"async\" src=\"https:\/\/blog.calcularte.com.br\/wp-content\/uploads\/2020\/10\/site-para-negocio-1024x1024.png\" alt=\"\" class=\"wp-image-199\" width=\"300\" height=\"300\" srcset=\"https:\/\/blog.calcularte.com.br\/wp-content\/uploads\/2020\/10\/site-para-negocio-1024x1024.png 1024w, https:\/\/blog.calcularte.com.br\/wp-content\/uploads\/2020\/10\/site-para-negocio-300x300.png 300w, https:\/\/blog.calcularte.com.br\/wp-content\/uploads\/2020\/10\/site-para-negocio-150x150.png 150w, https:\/\/blog.calcularte.com.br\/wp-content\/uploads\/2020\/10\/site-para-negocio-768x768.png 768w, https:\/\/blog.calcularte.com.br\/wp-content\/uploads\/2020\/10\/site-para-negocio-80x80.png 80w, https:\/\/blog.calcularte.com.br\/wp-content\/uploads\/2020\/10\/site-para-negocio-320x320.png 320w, https:\/\/blog.calcularte.com.br\/wp-content\/uploads\/2020\/10\/site-para-negocio.png 1080w\" sizes=\"auto, (max-width: 300px) 100vw, 300px\" \/><figcaption><strong><a href=\"https:\/\/go.hotmart.com\/A42012517W\" target=\"_blank\" rel=\"noreferrer noopener\">Curso Site para Neg\u00f3cios<\/a><\/strong><\/figcaption><\/figure><\/div>\n\n\n\n<p><\/p>\n\n\n\n<p><\/p>\n\n\n\n<p><strong><a href=\"https:\/\/go.hotmart.com\/A42012517W\" target=\"_blank\" rel=\"noreferrer noopener\">Site para Neg\u00f3cios &#8211; confira o conte\u00fado completo clicando aqui<\/a><\/strong><\/p>\n\n\n\n<p><\/p>\n\n\n\n<p><\/p>\n\n\n\n<div style=\"height:79px\" aria-hidden=\"true\" class=\"wp-block-spacer\"><\/div>\n\n\n\n<div class=\"wp-block-image is-style-rounded\"><figure class=\"alignleft size-large is-resized\"><img loading=\"lazy\" decoding=\"async\" src=\"https:\/\/blog.calcularte.com.br\/wp-content\/uploads\/2020\/10\/blogger-expert.png\" alt=\"\" class=\"wp-image-200\" width=\"300\" height=\"300\" srcset=\"https:\/\/blog.calcularte.com.br\/wp-content\/uploads\/2020\/10\/blogger-expert.png 628w, https:\/\/blog.calcularte.com.br\/wp-content\/uploads\/2020\/10\/blogger-expert-300x300.png 300w, https:\/\/blog.calcularte.com.br\/wp-content\/uploads\/2020\/10\/blogger-expert-150x150.png 150w, https:\/\/blog.calcularte.com.br\/wp-content\/uploads\/2020\/10\/blogger-expert-80x80.png 80w, https:\/\/blog.calcularte.com.br\/wp-content\/uploads\/2020\/10\/blogger-expert-320x320.png 320w\" sizes=\"auto, (max-width: 300px) 100vw, 300px\" \/><figcaption><strong><a href=\"https:\/\/go.hotmart.com\/M42190541F\" target=\"_blank\" rel=\"noreferrer noopener\">Curso Blogger Expert<\/a><\/strong><\/figcaption><\/figure><\/div>\n\n\n\n<p><\/p>\n\n\n\n<p><\/p>\n\n\n\n<p><strong><a href=\"https:\/\/go.hotmart.com\/M42190541F\" target=\"_blank\" rel=\"noreferrer noopener\">Blogger Expert &#8211; aprenda a criar um blog rent\u00e1vel<\/a><\/strong><\/p>\n\n\n\n<p><\/p>\n\n\n\n<p><\/p>\n\n\n\n<p><\/p>\n\n\n\n<p><\/p>\n\n\n\n<div style=\"height:54px\" aria-hidden=\"true\" class=\"wp-block-spacer\"><\/div>\n\n\n\n<p>E se voc\u00ea ainda n\u00e3o conhece o <strong><a href=\"http:\/\/www.canva.com\" target=\"_blank\" rel=\"noreferrer noopener\">Canva, aproveite pra se cadastrar gratuitamente no site deles e come\u00e7ar a criar conte\u00fados incr\u00edveis para o seu neg\u00f3cio<\/a><\/strong>! Aqui no <strong><a href=\"http:\/\/www.calcularte.com.br\" target=\"_blank\" rel=\"noreferrer noopener\">Calcularte<\/a><\/strong> eu n\u00e3o vivo sem o Canva!<\/p>\n\n\n\n<p>Espero que tenha gostado dessa dica! Uma \u00f3tima semana!<\/p>\n","protected":false},"excerpt":{"rendered":"<p>Voc\u00ea j\u00e1 deve ter ouvido falar e provavelmente j\u00e1 usou o Canva, mas voc\u00ea sabe o qu\u00e3o poderoso pode ser usar o Canva para neg\u00f3cios? O post de hoje \u00e9 sobre dica boa, ent\u00e3o&#46;&#46;&#46;<\/p>\n","protected":false},"author":1,"featured_media":203,"comment_status":"open","ping_status":"open","sticky":false,"template":"","format":"standard","meta":{"footnotes":""},"categories":[3,5],"tags":[89,90,72,73,74,81,80,78,82,76,19,84,83,85,86,75,77,79,88,87],"class_list":["post-195","post","type-post","status-publish","format-standard","has-post-thumbnail","hentry","category-empreendedorismo","category-tecnicas","tag-blog","tag-blogger-expert","tag-canva","tag-canva-para-negocios","tag-curso-canva","tag-curso-canva-para-negocios","tag-curso-renata-massa","tag-cursos","tag-design","tag-divulgacao","tag-empreendedorismo","tag-ferramenta-para-empreendedor","tag-ferramentas","tag-instagram","tag-instagram-para-negocios","tag-marketing-digital","tag-redes-sociais","tag-renata-massa","tag-site","tag-site-para-negocios"],"yoast_head":"<!-- This site is optimized with the Yoast SEO plugin v24.9 - https:\/\/yoast.com\/wordpress\/plugins\/seo\/ -->\n<title>Canva para neg\u00f3cios: torne seu feed mais profissional Blog do Calcularte<\/title>\n<meta name=\"description\" content=\"Saiba como usar o Canva para neg\u00f3cios pode te destacar da concorr\u00eancia, criando um feed mosaico que deixar\u00e1 o seu perfil mais profissional.\" \/>\n<meta name=\"robots\" content=\"index, follow, max-snippet:-1, max-image-preview:large, max-video-preview:-1\" \/>\n<link rel=\"canonical\" href=\"https:\/\/blog.calcularte.com.br\/index.php\/2020\/10\/12\/canva-para-negocios-feed-profissional\/\" \/>\n<meta property=\"og:locale\" content=\"pt_BR\" \/>\n<meta property=\"og:type\" content=\"article\" \/>\n<meta property=\"og:title\" content=\"Canva para neg\u00f3cios: torne seu feed mais profissional Blog do Calcularte\" \/>\n<meta property=\"og:description\" content=\"Como usar o Canva para neg\u00f3cios pode te diferenciar da concorr\u00eancia, veja agora.\" \/>\n<meta property=\"og:url\" content=\"https:\/\/blog.calcularte.com.br\/index.php\/2020\/10\/12\/canva-para-negocios-feed-profissional\/\" \/>\n<meta property=\"og:site_name\" content=\"Blog do Calcularte\" \/>\n<meta property=\"article:publisher\" content=\"https:\/\/www.facebook.com\/calcularte\" \/>\n<meta property=\"article:published_time\" content=\"2020-10-12T12:00:00+00:00\" \/>\n<meta property=\"article:modified_time\" content=\"2022-05-23T16:55:43+00:00\" \/>\n<meta property=\"og:image\" content=\"https:\/\/blog.calcularte.com.br\/wp-content\/uploads\/2020\/10\/modelo-feed2.png\" \/>\n\t<meta property=\"og:image:width\" content=\"472\" \/>\n\t<meta property=\"og:image:height\" content=\"600\" \/>\n\t<meta property=\"og:image:type\" content=\"image\/png\" \/>\n<meta name=\"author\" content=\"Vanessa Longo\" \/>\n<meta name=\"twitter:card\" content=\"summary_large_image\" \/>\n<meta name=\"twitter:label1\" content=\"Escrito por\" \/>\n\t<meta name=\"twitter:data1\" content=\"Vanessa Longo\" \/>\n\t<meta name=\"twitter:label2\" content=\"Est. tempo de leitura\" \/>\n\t<meta name=\"twitter:data2\" content=\"5 minutos\" \/>\n<script type=\"application\/ld+json\" class=\"yoast-schema-graph\">{\"@context\":\"https:\/\/schema.org\",\"@graph\":[{\"@type\":\"Article\",\"@id\":\"https:\/\/blog.calcularte.com.br\/index.php\/2020\/10\/12\/canva-para-negocios-feed-profissional\/#article\",\"isPartOf\":{\"@id\":\"https:\/\/blog.calcularte.com.br\/index.php\/2020\/10\/12\/canva-para-negocios-feed-profissional\/\"},\"author\":{\"name\":\"Vanessa Longo\",\"@id\":\"https:\/\/blog.calcularte.com.br\/#\/schema\/person\/6820c52e9059420b1361c3eb567295a4\"},\"headline\":\"Canva para neg\u00f3cios: torne seu feed mais profissional\",\"datePublished\":\"2020-10-12T12:00:00+00:00\",\"dateModified\":\"2022-05-23T16:55:43+00:00\",\"mainEntityOfPage\":{\"@id\":\"https:\/\/blog.calcularte.com.br\/index.php\/2020\/10\/12\/canva-para-negocios-feed-profissional\/\"},\"wordCount\":1066,\"commentCount\":0,\"publisher\":{\"@id\":\"https:\/\/blog.calcularte.com.br\/#organization\"},\"image\":{\"@id\":\"https:\/\/blog.calcularte.com.br\/index.php\/2020\/10\/12\/canva-para-negocios-feed-profissional\/#primaryimage\"},\"thumbnailUrl\":\"https:\/\/blog.calcularte.com.br\/wp-content\/uploads\/2020\/10\/modelo-feed2-1-e1602450616685.png\",\"keywords\":[\"blog\",\"blogger expert\",\"canva\",\"canva para negocios\",\"curso canva\",\"curso canva para negocios\",\"curso renata massa\",\"cursos\",\"design\",\"divulga\u00e7\u00e3o\",\"empreendedorismo\",\"ferramenta para empreendedor\",\"ferramentas\",\"instagram\",\"instagram para negocios\",\"marketing digital\",\"redes sociais\",\"renata massa\",\"site\",\"site para negocios\"],\"articleSection\":[\"Empreendedorismo\",\"T\u00e9cnicas\"],\"inLanguage\":\"pt-BR\",\"potentialAction\":[{\"@type\":\"CommentAction\",\"name\":\"Comment\",\"target\":[\"https:\/\/blog.calcularte.com.br\/index.php\/2020\/10\/12\/canva-para-negocios-feed-profissional\/#respond\"]}]},{\"@type\":\"WebPage\",\"@id\":\"https:\/\/blog.calcularte.com.br\/index.php\/2020\/10\/12\/canva-para-negocios-feed-profissional\/\",\"url\":\"https:\/\/blog.calcularte.com.br\/index.php\/2020\/10\/12\/canva-para-negocios-feed-profissional\/\",\"name\":\"Canva para neg\u00f3cios: torne seu feed mais profissional Blog do Calcularte\",\"isPartOf\":{\"@id\":\"https:\/\/blog.calcularte.com.br\/#website\"},\"primaryImageOfPage\":{\"@id\":\"https:\/\/blog.calcularte.com.br\/index.php\/2020\/10\/12\/canva-para-negocios-feed-profissional\/#primaryimage\"},\"image\":{\"@id\":\"https:\/\/blog.calcularte.com.br\/index.php\/2020\/10\/12\/canva-para-negocios-feed-profissional\/#primaryimage\"},\"thumbnailUrl\":\"https:\/\/blog.calcularte.com.br\/wp-content\/uploads\/2020\/10\/modelo-feed2-1-e1602450616685.png\",\"datePublished\":\"2020-10-12T12:00:00+00:00\",\"dateModified\":\"2022-05-23T16:55:43+00:00\",\"description\":\"Saiba como usar o Canva para neg\u00f3cios pode te destacar da concorr\u00eancia, criando um feed mosaico que deixar\u00e1 o seu perfil mais profissional.\",\"breadcrumb\":{\"@id\":\"https:\/\/blog.calcularte.com.br\/index.php\/2020\/10\/12\/canva-para-negocios-feed-profissional\/#breadcrumb\"},\"inLanguage\":\"pt-BR\",\"potentialAction\":[{\"@type\":\"ReadAction\",\"target\":[\"https:\/\/blog.calcularte.com.br\/index.php\/2020\/10\/12\/canva-para-negocios-feed-profissional\/\"]}]},{\"@type\":\"ImageObject\",\"inLanguage\":\"pt-BR\",\"@id\":\"https:\/\/blog.calcularte.com.br\/index.php\/2020\/10\/12\/canva-para-negocios-feed-profissional\/#primaryimage\",\"url\":\"https:\/\/blog.calcularte.com.br\/wp-content\/uploads\/2020\/10\/modelo-feed2-1-e1602450616685.png\",\"contentUrl\":\"https:\/\/blog.calcularte.com.br\/wp-content\/uploads\/2020\/10\/modelo-feed2-1-e1602450616685.png\",\"width\":315,\"height\":400,\"caption\":\"canva-feed-mosaico\"},{\"@type\":\"BreadcrumbList\",\"@id\":\"https:\/\/blog.calcularte.com.br\/index.php\/2020\/10\/12\/canva-para-negocios-feed-profissional\/#breadcrumb\",\"itemListElement\":[{\"@type\":\"ListItem\",\"position\":1,\"name\":\"In\u00edcio\",\"item\":\"https:\/\/blog.calcularte.com.br\/\"},{\"@type\":\"ListItem\",\"position\":2,\"name\":\"Canva para neg\u00f3cios: torne seu feed mais profissional\"}]},{\"@type\":\"WebSite\",\"@id\":\"https:\/\/blog.calcularte.com.br\/#website\",\"url\":\"https:\/\/blog.calcularte.com.br\/\",\"name\":\"Blog do Calcularte\",\"description\":\"Torne o seu neg\u00f3cio artesanal lucrativo\",\"publisher\":{\"@id\":\"https:\/\/blog.calcularte.com.br\/#organization\"},\"potentialAction\":[{\"@type\":\"SearchAction\",\"target\":{\"@type\":\"EntryPoint\",\"urlTemplate\":\"https:\/\/blog.calcularte.com.br\/?s={search_term_string}\"},\"query-input\":{\"@type\":\"PropertyValueSpecification\",\"valueRequired\":true,\"valueName\":\"search_term_string\"}}],\"inLanguage\":\"pt-BR\"},{\"@type\":\"Organization\",\"@id\":\"https:\/\/blog.calcularte.com.br\/#organization\",\"name\":\"Calcularte\",\"url\":\"https:\/\/blog.calcularte.com.br\/\",\"logo\":{\"@type\":\"ImageObject\",\"inLanguage\":\"pt-BR\",\"@id\":\"https:\/\/blog.calcularte.com.br\/#\/schema\/logo\/image\/\",\"url\":\"https:\/\/blog.calcularte.com.br\/wp-content\/uploads\/2020\/09\/logo.jpg\",\"contentUrl\":\"https:\/\/blog.calcularte.com.br\/wp-content\/uploads\/2020\/09\/logo.jpg\",\"width\":372,\"height\":157,\"caption\":\"Calcularte\"},\"image\":{\"@id\":\"https:\/\/blog.calcularte.com.br\/#\/schema\/logo\/image\/\"},\"sameAs\":[\"https:\/\/www.facebook.com\/calcularte\",\"https:\/\/www.instagram.com\/facebook\",\"https:\/\/www.youtube.com\/calculartebrasil\"]},{\"@type\":\"Person\",\"@id\":\"https:\/\/blog.calcularte.com.br\/#\/schema\/person\/6820c52e9059420b1361c3eb567295a4\",\"name\":\"Vanessa Longo\",\"image\":{\"@type\":\"ImageObject\",\"inLanguage\":\"pt-BR\",\"@id\":\"https:\/\/blog.calcularte.com.br\/#\/schema\/person\/image\/\",\"url\":\"https:\/\/secure.gravatar.com\/avatar\/952e3da2af0942ab85a1d687af968dc6023f1eedb5e18165ceca25254e277af5?s=96&d=wavatar&r=g\",\"contentUrl\":\"https:\/\/secure.gravatar.com\/avatar\/952e3da2af0942ab85a1d687af968dc6023f1eedb5e18165ceca25254e277af5?s=96&d=wavatar&r=g\",\"caption\":\"Vanessa Longo\"},\"description\":\"Publicit\u00e1ria de forma\u00e7\u00e3o, artes\u00e3 de cora\u00e7\u00e3o. F\u00e3 de empreendedorismo, especialmente de neg\u00f3cios criativos. J\u00e1 teve seu ateli\u00ea de papelaria personalizada e hoje se dedica de corpo e alma ao Calcularte!\",\"sameAs\":[\"https:\/\/blog.calcularte.com.br\/blog\"],\"url\":\"https:\/\/blog.calcularte.com.br\/index.php\/author\/vanessa\/\"}]}<\/script>\n<!-- \/ Yoast SEO plugin. -->","yoast_head_json":{"title":"Canva para neg\u00f3cios: torne seu feed mais profissional Blog do Calcularte","description":"Saiba como usar o Canva para neg\u00f3cios pode te destacar da concorr\u00eancia, criando um feed mosaico que deixar\u00e1 o seu perfil mais profissional.","robots":{"index":"index","follow":"follow","max-snippet":"max-snippet:-1","max-image-preview":"max-image-preview:large","max-video-preview":"max-video-preview:-1"},"canonical":"https:\/\/blog.calcularte.com.br\/index.php\/2020\/10\/12\/canva-para-negocios-feed-profissional\/","og_locale":"pt_BR","og_type":"article","og_title":"Canva para neg\u00f3cios: torne seu feed mais profissional Blog do Calcularte","og_description":"Como usar o Canva para neg\u00f3cios pode te diferenciar da concorr\u00eancia, veja agora.","og_url":"https:\/\/blog.calcularte.com.br\/index.php\/2020\/10\/12\/canva-para-negocios-feed-profissional\/","og_site_name":"Blog do Calcularte","article_publisher":"https:\/\/www.facebook.com\/calcularte","article_published_time":"2020-10-12T12:00:00+00:00","article_modified_time":"2022-05-23T16:55:43+00:00","og_image":[{"width":472,"height":600,"url":"https:\/\/blog.calcularte.com.br\/wp-content\/uploads\/2020\/10\/modelo-feed2.png","type":"image\/png"}],"author":"Vanessa Longo","twitter_card":"summary_large_image","twitter_misc":{"Escrito por":"Vanessa Longo","Est. tempo de leitura":"5 minutos"},"schema":{"@context":"https:\/\/schema.org","@graph":[{"@type":"Article","@id":"https:\/\/blog.calcularte.com.br\/index.php\/2020\/10\/12\/canva-para-negocios-feed-profissional\/#article","isPartOf":{"@id":"https:\/\/blog.calcularte.com.br\/index.php\/2020\/10\/12\/canva-para-negocios-feed-profissional\/"},"author":{"name":"Vanessa Longo","@id":"https:\/\/blog.calcularte.com.br\/#\/schema\/person\/6820c52e9059420b1361c3eb567295a4"},"headline":"Canva para neg\u00f3cios: torne seu feed mais profissional","datePublished":"2020-10-12T12:00:00+00:00","dateModified":"2022-05-23T16:55:43+00:00","mainEntityOfPage":{"@id":"https:\/\/blog.calcularte.com.br\/index.php\/2020\/10\/12\/canva-para-negocios-feed-profissional\/"},"wordCount":1066,"commentCount":0,"publisher":{"@id":"https:\/\/blog.calcularte.com.br\/#organization"},"image":{"@id":"https:\/\/blog.calcularte.com.br\/index.php\/2020\/10\/12\/canva-para-negocios-feed-profissional\/#primaryimage"},"thumbnailUrl":"https:\/\/blog.calcularte.com.br\/wp-content\/uploads\/2020\/10\/modelo-feed2-1-e1602450616685.png","keywords":["blog","blogger expert","canva","canva para negocios","curso canva","curso canva para negocios","curso renata massa","cursos","design","divulga\u00e7\u00e3o","empreendedorismo","ferramenta para empreendedor","ferramentas","instagram","instagram para negocios","marketing digital","redes sociais","renata massa","site","site para negocios"],"articleSection":["Empreendedorismo","T\u00e9cnicas"],"inLanguage":"pt-BR","potentialAction":[{"@type":"CommentAction","name":"Comment","target":["https:\/\/blog.calcularte.com.br\/index.php\/2020\/10\/12\/canva-para-negocios-feed-profissional\/#respond"]}]},{"@type":"WebPage","@id":"https:\/\/blog.calcularte.com.br\/index.php\/2020\/10\/12\/canva-para-negocios-feed-profissional\/","url":"https:\/\/blog.calcularte.com.br\/index.php\/2020\/10\/12\/canva-para-negocios-feed-profissional\/","name":"Canva para neg\u00f3cios: torne seu feed mais profissional Blog do Calcularte","isPartOf":{"@id":"https:\/\/blog.calcularte.com.br\/#website"},"primaryImageOfPage":{"@id":"https:\/\/blog.calcularte.com.br\/index.php\/2020\/10\/12\/canva-para-negocios-feed-profissional\/#primaryimage"},"image":{"@id":"https:\/\/blog.calcularte.com.br\/index.php\/2020\/10\/12\/canva-para-negocios-feed-profissional\/#primaryimage"},"thumbnailUrl":"https:\/\/blog.calcularte.com.br\/wp-content\/uploads\/2020\/10\/modelo-feed2-1-e1602450616685.png","datePublished":"2020-10-12T12:00:00+00:00","dateModified":"2022-05-23T16:55:43+00:00","description":"Saiba como usar o Canva para neg\u00f3cios pode te destacar da concorr\u00eancia, criando um feed mosaico que deixar\u00e1 o seu perfil mais profissional.","breadcrumb":{"@id":"https:\/\/blog.calcularte.com.br\/index.php\/2020\/10\/12\/canva-para-negocios-feed-profissional\/#breadcrumb"},"inLanguage":"pt-BR","potentialAction":[{"@type":"ReadAction","target":["https:\/\/blog.calcularte.com.br\/index.php\/2020\/10\/12\/canva-para-negocios-feed-profissional\/"]}]},{"@type":"ImageObject","inLanguage":"pt-BR","@id":"https:\/\/blog.calcularte.com.br\/index.php\/2020\/10\/12\/canva-para-negocios-feed-profissional\/#primaryimage","url":"https:\/\/blog.calcularte.com.br\/wp-content\/uploads\/2020\/10\/modelo-feed2-1-e1602450616685.png","contentUrl":"https:\/\/blog.calcularte.com.br\/wp-content\/uploads\/2020\/10\/modelo-feed2-1-e1602450616685.png","width":315,"height":400,"caption":"canva-feed-mosaico"},{"@type":"BreadcrumbList","@id":"https:\/\/blog.calcularte.com.br\/index.php\/2020\/10\/12\/canva-para-negocios-feed-profissional\/#breadcrumb","itemListElement":[{"@type":"ListItem","position":1,"name":"In\u00edcio","item":"https:\/\/blog.calcularte.com.br\/"},{"@type":"ListItem","position":2,"name":"Canva para neg\u00f3cios: torne seu feed mais profissional"}]},{"@type":"WebSite","@id":"https:\/\/blog.calcularte.com.br\/#website","url":"https:\/\/blog.calcularte.com.br\/","name":"Blog do Calcularte","description":"Torne o seu neg\u00f3cio artesanal lucrativo","publisher":{"@id":"https:\/\/blog.calcularte.com.br\/#organization"},"potentialAction":[{"@type":"SearchAction","target":{"@type":"EntryPoint","urlTemplate":"https:\/\/blog.calcularte.com.br\/?s={search_term_string}"},"query-input":{"@type":"PropertyValueSpecification","valueRequired":true,"valueName":"search_term_string"}}],"inLanguage":"pt-BR"},{"@type":"Organization","@id":"https:\/\/blog.calcularte.com.br\/#organization","name":"Calcularte","url":"https:\/\/blog.calcularte.com.br\/","logo":{"@type":"ImageObject","inLanguage":"pt-BR","@id":"https:\/\/blog.calcularte.com.br\/#\/schema\/logo\/image\/","url":"https:\/\/blog.calcularte.com.br\/wp-content\/uploads\/2020\/09\/logo.jpg","contentUrl":"https:\/\/blog.calcularte.com.br\/wp-content\/uploads\/2020\/09\/logo.jpg","width":372,"height":157,"caption":"Calcularte"},"image":{"@id":"https:\/\/blog.calcularte.com.br\/#\/schema\/logo\/image\/"},"sameAs":["https:\/\/www.facebook.com\/calcularte","https:\/\/www.instagram.com\/facebook","https:\/\/www.youtube.com\/calculartebrasil"]},{"@type":"Person","@id":"https:\/\/blog.calcularte.com.br\/#\/schema\/person\/6820c52e9059420b1361c3eb567295a4","name":"Vanessa Longo","image":{"@type":"ImageObject","inLanguage":"pt-BR","@id":"https:\/\/blog.calcularte.com.br\/#\/schema\/person\/image\/","url":"https:\/\/secure.gravatar.com\/avatar\/952e3da2af0942ab85a1d687af968dc6023f1eedb5e18165ceca25254e277af5?s=96&d=wavatar&r=g","contentUrl":"https:\/\/secure.gravatar.com\/avatar\/952e3da2af0942ab85a1d687af968dc6023f1eedb5e18165ceca25254e277af5?s=96&d=wavatar&r=g","caption":"Vanessa Longo"},"description":"Publicit\u00e1ria de forma\u00e7\u00e3o, artes\u00e3 de cora\u00e7\u00e3o. F\u00e3 de empreendedorismo, especialmente de neg\u00f3cios criativos. J\u00e1 teve seu ateli\u00ea de papelaria personalizada e hoje se dedica de corpo e alma ao Calcularte!","sameAs":["https:\/\/blog.calcularte.com.br\/blog"],"url":"https:\/\/blog.calcularte.com.br\/index.php\/author\/vanessa\/"}]}},"_links":{"self":[{"href":"https:\/\/blog.calcularte.com.br\/index.php\/wp-json\/wp\/v2\/posts\/195","targetHints":{"allow":["GET"]}}],"collection":[{"href":"https:\/\/blog.calcularte.com.br\/index.php\/wp-json\/wp\/v2\/posts"}],"about":[{"href":"https:\/\/blog.calcularte.com.br\/index.php\/wp-json\/wp\/v2\/types\/post"}],"author":[{"embeddable":true,"href":"https:\/\/blog.calcularte.com.br\/index.php\/wp-json\/wp\/v2\/users\/1"}],"replies":[{"embeddable":true,"href":"https:\/\/blog.calcularte.com.br\/index.php\/wp-json\/wp\/v2\/comments?post=195"}],"version-history":[{"count":19,"href":"https:\/\/blog.calcularte.com.br\/index.php\/wp-json\/wp\/v2\/posts\/195\/revisions"}],"predecessor-version":[{"id":728,"href":"https:\/\/blog.calcularte.com.br\/index.php\/wp-json\/wp\/v2\/posts\/195\/revisions\/728"}],"wp:featuredmedia":[{"embeddable":true,"href":"https:\/\/blog.calcularte.com.br\/index.php\/wp-json\/wp\/v2\/media\/203"}],"wp:attachment":[{"href":"https:\/\/blog.calcularte.com.br\/index.php\/wp-json\/wp\/v2\/media?parent=195"}],"wp:term":[{"taxonomy":"category","embeddable":true,"href":"https:\/\/blog.calcularte.com.br\/index.php\/wp-json\/wp\/v2\/categories?post=195"},{"taxonomy":"post_tag","embeddable":true,"href":"https:\/\/blog.calcularte.com.br\/index.php\/wp-json\/wp\/v2\/tags?post=195"}],"curies":[{"name":"wp","href":"https:\/\/api.w.org\/{rel}","templated":true}]}}