{"id":221,"date":"2020-10-19T09:00:00","date_gmt":"2020-10-19T12:00:00","guid":{"rendered":"https:\/\/blog.calcularte.com.br\/?p=221"},"modified":"2020-10-19T11:05:46","modified_gmt":"2020-10-19T14:05:46","slug":"calcular-o-preco-de-venda","status":"publish","type":"post","link":"https:\/\/blog.calcularte.com.br\/index.php\/2020\/10\/19\/calcular-o-preco-de-venda\/","title":{"rendered":"O que considerar para calcular o pre\u00e7o de venda de um produto"},"content":{"rendered":"\n<p><\/p>\n\n\n\n<div class=\"wp-block-image is-style-rounded\"><figure class=\"aligncenter size-large\"><img loading=\"lazy\" decoding=\"async\" width=\"700\" height=\"400\" src=\"https:\/\/blog.calcularte.com.br\/wp-content\/uploads\/2020\/10\/calcular-o-preco-de-venda.png\" alt=\"calcular-o-preco-de-venda\" class=\"wp-image-229\" srcset=\"https:\/\/blog.calcularte.com.br\/wp-content\/uploads\/2020\/10\/calcular-o-preco-de-venda.png 700w, https:\/\/blog.calcularte.com.br\/wp-content\/uploads\/2020\/10\/calcular-o-preco-de-venda-300x171.png 300w\" sizes=\"auto, (max-width: 700px) 100vw, 700px\" \/><\/figure><\/div>\n\n\n\n<p><strong>Calcular o pre\u00e7o de venda de um produto \u00e9 uma das maiores d\u00favidas de quem come\u00e7a a trabalhar vendendo sua pr\u00f3prias pe\u00e7as.<\/strong><\/p>\n\n\n\n<p>Objetos decorativos, costurinhas, cosm\u00e9ticos, acess\u00f3rios, lembrancinhas, personalizados, doces, bolos, p\u00e3es&#8230;independente do que voc\u00ea fabrica, a d\u00favida \u00e9 sempre a mesma: <strong>por quanto posso vender o meu produto?<\/strong><\/p>\n\n\n\n<p>Mas para responder essa pergunta \u00e9 necess\u00e1rio primeiro entender como compor o custo do seu produto. Por isso, neste artigo vamos explicar quais s\u00e3o os itens que voc\u00ea deve considerar na hora de calcular o pre\u00e7o de venda:<\/p>\n\n\n\n<h4 class=\"has-text-color wp-block-heading\" style=\"color:#16a18c\"><strong>Itens que devem compor o pre\u00e7o de venda do seu produto:<\/strong><\/h4>\n\n\n\n<div class=\"wp-block-image\"><figure class=\"alignleft size-large\"><img loading=\"lazy\" decoding=\"async\" width=\"300\" height=\"300\" src=\"https:\/\/blog.calcularte.com.br\/wp-content\/uploads\/2020\/10\/lucro.png\" alt=\"lucro\" class=\"wp-image-232\" srcset=\"https:\/\/blog.calcularte.com.br\/wp-content\/uploads\/2020\/10\/lucro.png 300w, https:\/\/blog.calcularte.com.br\/wp-content\/uploads\/2020\/10\/lucro-150x150.png 150w, https:\/\/blog.calcularte.com.br\/wp-content\/uploads\/2020\/10\/lucro-80x80.png 80w\" sizes=\"auto, (max-width: 300px) 100vw, 300px\" \/><\/figure><\/div>\n\n\n\n<p><strong>1. O percentual de lucro:<\/strong> Antes de mais nada, \u00e9 importante ter em mente que o lucro \u00e9 apenas o que fica para ser reinvestido na empresa. Portanto, o lucro N\u00c3O \u00e9 o seu sal\u00e1rio.<\/p>\n\n\n\n<p>Esse \u00e9 um dos motivos que leva muitas pessoas a se confundirem na hora do c\u00e1lculo, pois elas apenas adicionam um lucro alt\u00edssimo em cima do valor dos materiais usados, na expectativa de que ele cubra todos os custos e tire da\u00ed o seu sal\u00e1rio. <a href=\"https:\/\/blog.calcularte.com.br\/index.php\/2020\/09\/01\/qual-deve-ser-a-margem-de-lucro-de-um-produto-artesanal\/\" target=\"_blank\" rel=\"noreferrer noopener\"><strong>Neste outro post falamos exclusivamente sobre o lucro, confira aqui .<\/strong><\/a><\/p>\n\n\n\n<p><\/p>\n\n\n\n<p><\/p>\n\n\n\n<div style=\"height:43px\" aria-hidden=\"true\" class=\"wp-block-spacer\"><\/div>\n\n\n\n<div class=\"wp-block-image\"><figure class=\"alignright size-large\"><img loading=\"lazy\" decoding=\"async\" width=\"300\" height=\"300\" src=\"https:\/\/blog.calcularte.com.br\/wp-content\/uploads\/2020\/10\/salario.png\" alt=\"salario\" class=\"wp-image-233\" srcset=\"https:\/\/blog.calcularte.com.br\/wp-content\/uploads\/2020\/10\/salario.png 300w, https:\/\/blog.calcularte.com.br\/wp-content\/uploads\/2020\/10\/salario-150x150.png 150w, https:\/\/blog.calcularte.com.br\/wp-content\/uploads\/2020\/10\/salario-80x80.png 80w\" sizes=\"auto, (max-width: 300px) 100vw, 300px\" \/><\/figure><\/div>\n\n\n\n<p><strong>2. O seu sal\u00e1rio:<\/strong> Sim, voc\u00ea tem um sal\u00e1rio e ele vem da sua m\u00e3o-de-obra. Voc\u00ea est\u00e1 trabalhando, certo? Mesmo que seja na sua cozinha ou num cantinho do quarto, voc\u00ea \u00e9 uma empreendedora, est\u00e1 vendendo seus produtos e por isso deve ter um sal\u00e1rio para que voc\u00ea possa continuar TRABALHANDO com isso, caso contr\u00e1rio seria apenas um hobby. Fa\u00e7a uma an\u00e1lise de quanto voc\u00ea est\u00e1 conseguindo vender no momento, como \u00e9 o seu trabalho e ent\u00e3o estipule um valor mensal para o seu sal\u00e1rio.<\/p>\n\n\n\n<p><strong>2.1:<\/strong> <strong>A sua carga hor\u00e1ria de trabalho:<\/strong> Defina a quantidade de dias e de horas que voc\u00ea trabalha por m\u00eas. De posse dessas informa\u00e7\u00f5es, voc\u00ea poder\u00e1 calcular quanto vale a sua hora de trabalho (veja na imagem abaixo) e assim aplic\u00e1-la no custo da sua pe\u00e7a.<\/p>\n\n\n\n<div class=\"wp-block-image\"><figure class=\"aligncenter size-large is-resized\"><img loading=\"lazy\" decoding=\"async\" src=\"https:\/\/blog.calcularte.com.br\/wp-content\/uploads\/2020\/10\/valor-hora-trabalhada.jpg\" alt=\"calcular-o-preco-de-venda\" class=\"wp-image-228\" width=\"414\" height=\"164\" srcset=\"https:\/\/blog.calcularte.com.br\/wp-content\/uploads\/2020\/10\/valor-hora-trabalhada.jpg 686w, https:\/\/blog.calcularte.com.br\/wp-content\/uploads\/2020\/10\/valor-hora-trabalhada-300x119.jpg 300w\" sizes=\"auto, (max-width: 414px) 100vw, 414px\" \/><figcaption><strong><em>Como calcular o valor da sua hora<\/em><\/strong><\/figcaption><\/figure><\/div>\n\n\n\n<p class=\"has-text-align-left\"><strong><a href=\"https:\/\/www.instagram.com\/p\/CEH5N6GH84D\/\" target=\"_blank\" rel=\"noreferrer noopener\">Neste post explicamos com mais detalhes como calcular o valor da sua hora de trabalho<\/a><\/strong>.<\/p>\n\n\n\n<h4 class=\"has-text-color wp-block-heading\" style=\"color:#16a18c\"><strong>Dica<\/strong><\/h4>\n\n\n\n<p>\u00c9 importante dizer que quanto maior for o n\u00famero de horas que voc\u00ea trabalhar produzindo, menor ser\u00e1 o custo da sua m\u00e3o-de-obra; consequentemente voc\u00ea poder\u00e1 oferecer o seu produto por um pre\u00e7o mais baixo. Por outro lado, se voc\u00ea trabalhar poucas horas (como no caso das pessoas que t\u00eam um emprego fixo e conciliam sua produ\u00e7\u00e3o somente aos finais de semana para complementar a renda) o custo da m\u00e3o-de-obra ser\u00e1 mais elevado, pois quanto menos horas voc\u00ea trabalhar, maiores ter\u00e3o que ser os seus pre\u00e7os para conseguir pagar o seu sal\u00e1rio e os demais custos.<\/p>\n\n\n\n<h4 class=\"has-text-color wp-block-heading\" style=\"color:#16a18c\"><strong>E o que mais voc\u00ea vai precisar para calcular o pre\u00e7o de venda?<\/strong><\/h4>\n\n\n\n<div class=\"wp-block-image\"><figure class=\"alignleft size-large\"><img loading=\"lazy\" decoding=\"async\" width=\"300\" height=\"300\" src=\"https:\/\/blog.calcularte.com.br\/wp-content\/uploads\/2020\/10\/tempo-producao-1.png\" alt=\"tempo-producao\" class=\"wp-image-234\" srcset=\"https:\/\/blog.calcularte.com.br\/wp-content\/uploads\/2020\/10\/tempo-producao-1.png 300w, https:\/\/blog.calcularte.com.br\/wp-content\/uploads\/2020\/10\/tempo-producao-1-150x150.png 150w, https:\/\/blog.calcularte.com.br\/wp-content\/uploads\/2020\/10\/tempo-producao-1-80x80.png 80w\" sizes=\"auto, (max-width: 300px) 100vw, 300px\" \/><\/figure><\/div>\n\n\n\n<p><strong>3. O tempo de produ\u00e7\u00e3o da pe\u00e7a:<\/strong> Para descobrir isso voc\u00ea deve cronometrar quanto tempo leva para produzir cada produto. Assim, com essa informa\u00e7\u00e3o voc\u00ea vai saber quanto colocar de m\u00e3o-de-obra no c\u00e1lculo do pre\u00e7o de venda. Por exemplo, se voc\u00ea levou uma hora para fazer sua pe\u00e7a, considere o valor de uma hora de trabalho como o custo da m\u00e3o-de-obra.<\/p>\n\n\n\n<p>E se com a pr\u00e1tica voc\u00ea conseguir produzir o produto em menos tempo, esse custo vai cair e o pre\u00e7o final tamb\u00e9m. Da mesma forma, quanto maior o tempo de produ\u00e7\u00e3o, maior ser\u00e1 tamb\u00e9m o valor da m\u00e3o-de-obra e do pre\u00e7o de venda.<\/p>\n\n\n\n<p><\/p>\n\n\n\n<div class=\"wp-block-image\"><figure class=\"alignright size-large\"><img loading=\"lazy\" decoding=\"async\" width=\"300\" height=\"300\" src=\"https:\/\/blog.calcularte.com.br\/wp-content\/uploads\/2020\/10\/materiais-costura.png\" alt=\"calcular-o-preco-de-venda\" class=\"wp-image-235\" srcset=\"https:\/\/blog.calcularte.com.br\/wp-content\/uploads\/2020\/10\/materiais-costura.png 300w, https:\/\/blog.calcularte.com.br\/wp-content\/uploads\/2020\/10\/materiais-costura-150x150.png 150w, https:\/\/blog.calcularte.com.br\/wp-content\/uploads\/2020\/10\/materiais-costura-80x80.png 80w\" sizes=\"auto, (max-width: 300px) 100vw, 300px\" \/><\/figure><\/div>\n\n\n\n<p><\/p>\n\n\n\n<p><strong>4. O pre\u00e7o das mat\u00e9rias-primas (materiais):<\/strong>  Essa \u00e9 f\u00e1cil, basta somar os valores dos materiais utilizados na confec\u00e7\u00e3o da pe\u00e7a.<\/p>\n\n\n\n<p><strong>5. As despesas fixas:<\/strong> Todas as despesas devem ser computadas, mesmo que voc\u00ea trabalhe em casa. Elas englobam desde as despesas mensais, como luz, internet, telefone, at\u00e9 as eventuais, como compra de ferramentas, embalagens de transporte, cursos, etc&#8230; Essas despesas devem ser rateadas entre os produtos que voc\u00ea vende.<\/p>\n\n\n\n<p><\/p>\n\n\n\n<h4 class=\"has-text-color wp-block-heading\" style=\"color:#16a18c\"><strong>Calma, j\u00e1 estamos terminando!<\/strong><\/h4>\n\n\n\n<div class=\"wp-block-image\"><figure class=\"alignleft size-large\"><img loading=\"lazy\" decoding=\"async\" width=\"300\" height=\"300\" src=\"https:\/\/blog.calcularte.com.br\/wp-content\/uploads\/2020\/10\/despesas-fixas.png\" alt=\"despesas\" class=\"wp-image-237\" srcset=\"https:\/\/blog.calcularte.com.br\/wp-content\/uploads\/2020\/10\/despesas-fixas.png 300w, https:\/\/blog.calcularte.com.br\/wp-content\/uploads\/2020\/10\/despesas-fixas-150x150.png 150w, https:\/\/blog.calcularte.com.br\/wp-content\/uploads\/2020\/10\/despesas-fixas-80x80.png 80w\" sizes=\"auto, (max-width: 300px) 100vw, 300px\" \/><\/figure><\/div>\n\n\n\n<p><\/p>\n\n\n\n<p><strong>6. Impostos:<\/strong> Se voc\u00ea \u00e9 MEI, paga um imposto  fixo expresso em reais todos os meses, ent\u00e3o voc\u00ea poder\u00e1 som\u00e1-lo junto com as demais despesas citadas acima para fazer o rateio. Se sua empresa j\u00e1 n\u00e3o se enquadra mais como MEI, o imposto \u00e9 o Simples e n\u00e3o \u00e9 um valor fixo em reais, ele passa a ser um percentual do seu faturamento, variando de acordo com suas vendas a cada m\u00eas. <\/p>\n\n\n\n<p><\/p>\n\n\n\n<div style=\"height:54px\" aria-hidden=\"true\" class=\"wp-block-spacer\"><\/div>\n\n\n\n<div class=\"wp-block-image\"><figure class=\"alignright size-large\"><img loading=\"lazy\" decoding=\"async\" width=\"300\" height=\"300\" src=\"https:\/\/blog.calcularte.com.br\/wp-content\/uploads\/2020\/10\/meio-de-pagamento.png\" alt=\"cartao-credito\" class=\"wp-image-238\" srcset=\"https:\/\/blog.calcularte.com.br\/wp-content\/uploads\/2020\/10\/meio-de-pagamento.png 300w, https:\/\/blog.calcularte.com.br\/wp-content\/uploads\/2020\/10\/meio-de-pagamento-150x150.png 150w, https:\/\/blog.calcularte.com.br\/wp-content\/uploads\/2020\/10\/meio-de-pagamento-80x80.png 80w\" sizes=\"auto, (max-width: 300px) 100vw, 300px\" \/><\/figure><\/div>\n\n\n\n<p><\/p>\n\n\n\n<p><strong>7. As taxas<\/strong> <strong>do&nbsp;meio&nbsp;venda:<\/strong> O&nbsp;meio&nbsp;de&nbsp;venda&nbsp;\u00e9 o que chamamos no <strong><a href=\"http:\/\/www.calcularte.com.br\" target=\"_blank\" rel=\"noreferrer noopener\">Calcularte<\/a><\/strong> da combina\u00e7\u00e3o do <strong>canal de&nbsp;venda&nbsp;+&nbsp;meio&nbsp;de pagamento<\/strong>. O canal de&nbsp;venda&nbsp;\u00e9 por onde voc\u00ea vende (marketplace, loja f\u00edsica, etc) e o&nbsp;meio de pagamento \u00e9 como voc\u00ea recebe a venda (por cart\u00e3o de cr\u00e9dito, dinheiro, boleto, etc).<br>Ent\u00e3o, um exemplo de&nbsp;meio&nbsp;de&nbsp;venda&nbsp;seria loja f\u00edsica com pagamento por cart\u00e3o de cr\u00e9dito. Se a loja \u00e9 sua n\u00e3o h\u00e1 comiss\u00e3o, por\u00e9m teria a taxa do cart\u00e3o de cr\u00e9dito. J\u00e1 algumas plataformas de&nbsp;venda (marketplaces), como o <strong><a href=\"http:\/\/www.elo7.com.br\" target=\"_blank\" rel=\"noreferrer noopener\">Elo7<\/a><\/strong>, cobram uma comiss\u00e3o por&nbsp;venda. Essas&nbsp;comiss\u00f5es e taxas tamb\u00e9m comp\u00f5em o seu pre\u00e7o de&nbsp;venda&nbsp;a t\u00edtulo de &#8220;taxas do&nbsp;meio&nbsp;de&nbsp;venda&#8221;.<\/p>\n\n\n\n<p><\/p>\n\n\n\n<h4 class=\"has-text-color wp-block-heading\" style=\"color:#16a18c\"><strong>Tudo pronto para precificar<\/strong><\/h4>\n\n\n\n<p>Agora voc\u00ea j\u00e1 sabe quais s\u00e3o os itens que precisa considerar ao calcular o pre\u00e7o de venda do seu produto artesanal. Computando o seu sal\u00e1rio e todos os custos mencionados, voc\u00ea precifica suas pe\u00e7as com a certeza de que est\u00e1 praticando o pre\u00e7o de venda correto para garantir o seu sal\u00e1rio, o lucro da sua empresa e cobrir todos os seus custos.<\/p>\n\n\n\n<p>E se voc\u00ea procura mais praticidade para calcular o pre\u00e7o de venda dos seus produtos, conhe\u00e7a o <strong><a href=\"http:\/\/www.calcularte.com.br\" target=\"_blank\" rel=\"noreferrer noopener\">Calcularte<\/a><\/strong>. Ele \u00e9 um sistema online desenvolvido especialmente para quem produz e vende seus pr\u00f3prios produtos.<\/p>\n\n\n\n<p>Basta inserir alguns dados e o sistema faz o c\u00e1lculo automaticamente pra voc\u00ea! <\/p>\n\n\n\n<p>Ent\u00e3o otimize seu tempo, <strong><a href=\"http:\/\/www.calcularte.com.br\" target=\"_blank\" rel=\"noreferrer noopener\">comece agora mesmo a precificar suas pe\u00e7as com agilidade e tranquilidade!<\/a><\/strong><\/p>\n","protected":false},"excerpt":{"rendered":"<p>Calcular o pre\u00e7o de venda de um produto \u00e9 uma das maiores d\u00favidas de quem come\u00e7a a trabalhar vendendo sua pr\u00f3prias pe\u00e7as. Objetos decorativos, costurinhas, cosm\u00e9ticos, acess\u00f3rios, lembrancinhas, personalizados, doces, bolos, p\u00e3es&#8230;independente do que&#46;&#46;&#46;<\/p>\n","protected":false},"author":1,"featured_media":229,"comment_status":"open","ping_status":"open","sticky":false,"template":"","format":"standard","meta":{"footnotes":""},"categories":[2,3,4],"tags":[97,92,96,95,91,9,94,10,12,93],"class_list":["post-221","post","type-post","status-publish","format-standard","has-post-thumbnail","hentry","category-dicas-calcularte","category-empreendedorismo","category-precificacao","tag-calcular-o-preco-de-venda","tag-como-compor-o-preco-de-venda","tag-custo-de-producao","tag-despesas-fixas","tag-formacao-de-preco","tag-lucro","tag-mao-de-obra","tag-precificacao","tag-preco-de-venda","tag-salario-do-artesao"],"yoast_head":"<!-- This site is optimized with the Yoast SEO plugin v24.9 - https:\/\/yoast.com\/wordpress\/plugins\/seo\/ -->\n<title>O que considerar para calcular o pre\u00e7o de venda de um produto<\/title>\n<meta name=\"description\" content=\"Voc\u00ea sabe o que deve considerar para calcular o pre\u00e7o de venda de um produto artesanal? Confira agora neste artigo e precifique sem errar!\" \/>\n<meta name=\"robots\" content=\"index, follow, max-snippet:-1, max-image-preview:large, max-video-preview:-1\" \/>\n<link rel=\"canonical\" href=\"https:\/\/blog.calcularte.com.br\/index.php\/2020\/10\/19\/calcular-o-preco-de-venda\/\" \/>\n<meta property=\"og:locale\" content=\"pt_BR\" \/>\n<meta property=\"og:type\" content=\"article\" \/>\n<meta property=\"og:title\" content=\"O que considerar para calcular o pre\u00e7o de venda de um produto\" \/>\n<meta property=\"og:description\" content=\"Blog do Calcularte &#8211; O que considerar para calcular o pre\u00e7o de venda de um produto\" \/>\n<meta property=\"og:url\" content=\"https:\/\/blog.calcularte.com.br\/index.php\/2020\/10\/19\/calcular-o-preco-de-venda\/\" \/>\n<meta property=\"og:site_name\" content=\"Blog do Calcularte\" \/>\n<meta property=\"article:publisher\" content=\"https:\/\/www.facebook.com\/calcularte\" \/>\n<meta property=\"article:published_time\" content=\"2020-10-19T12:00:00+00:00\" \/>\n<meta property=\"article:modified_time\" content=\"2020-10-19T14:05:46+00:00\" \/>\n<meta property=\"og:image\" content=\"https:\/\/blog.calcularte.com.br\/wp-content\/uploads\/2020\/10\/calcular-o-preco-de-venda.png\" \/>\n\t<meta property=\"og:image:width\" content=\"700\" \/>\n\t<meta property=\"og:image:height\" content=\"400\" \/>\n\t<meta property=\"og:image:type\" content=\"image\/png\" \/>\n<meta name=\"author\" content=\"Vanessa Longo\" \/>\n<meta name=\"twitter:card\" content=\"summary_large_image\" \/>\n<meta name=\"twitter:label1\" content=\"Escrito por\" \/>\n\t<meta name=\"twitter:data1\" content=\"Vanessa Longo\" \/>\n\t<meta name=\"twitter:label2\" content=\"Est. tempo de leitura\" \/>\n\t<meta name=\"twitter:data2\" content=\"5 minutos\" \/>\n<script type=\"application\/ld+json\" class=\"yoast-schema-graph\">{\"@context\":\"https:\/\/schema.org\",\"@graph\":[{\"@type\":\"Article\",\"@id\":\"https:\/\/blog.calcularte.com.br\/index.php\/2020\/10\/19\/calcular-o-preco-de-venda\/#article\",\"isPartOf\":{\"@id\":\"https:\/\/blog.calcularte.com.br\/index.php\/2020\/10\/19\/calcular-o-preco-de-venda\/\"},\"author\":{\"name\":\"Vanessa Longo\",\"@id\":\"https:\/\/blog.calcularte.com.br\/#\/schema\/person\/6820c52e9059420b1361c3eb567295a4\"},\"headline\":\"O que considerar para calcular o pre\u00e7o de venda de um produto\",\"datePublished\":\"2020-10-19T12:00:00+00:00\",\"dateModified\":\"2020-10-19T14:05:46+00:00\",\"mainEntityOfPage\":{\"@id\":\"https:\/\/blog.calcularte.com.br\/index.php\/2020\/10\/19\/calcular-o-preco-de-venda\/\"},\"wordCount\":1057,\"commentCount\":0,\"publisher\":{\"@id\":\"https:\/\/blog.calcularte.com.br\/#organization\"},\"image\":{\"@id\":\"https:\/\/blog.calcularte.com.br\/index.php\/2020\/10\/19\/calcular-o-preco-de-venda\/#primaryimage\"},\"thumbnailUrl\":\"https:\/\/blog.calcularte.com.br\/wp-content\/uploads\/2020\/10\/calcular-o-preco-de-venda.png\",\"keywords\":[\"calcular o pre\u00e7o de venda\",\"como compor o pre\u00e7o de venda\",\"custo de produ\u00e7\u00e3o\",\"despesas fixas\",\"forma\u00e7\u00e3o de pre\u00e7o\",\"lucro\",\"m\u00e3o-de-obra\",\"precifica\u00e7\u00e3o\",\"pre\u00e7o de venda\",\"sal\u00e1rio do artes\u00e3o\"],\"articleSection\":[\"Dicas Calcularte\",\"Empreendedorismo\",\"Precifica\u00e7\u00e3o\"],\"inLanguage\":\"pt-BR\",\"potentialAction\":[{\"@type\":\"CommentAction\",\"name\":\"Comment\",\"target\":[\"https:\/\/blog.calcularte.com.br\/index.php\/2020\/10\/19\/calcular-o-preco-de-venda\/#respond\"]}]},{\"@type\":\"WebPage\",\"@id\":\"https:\/\/blog.calcularte.com.br\/index.php\/2020\/10\/19\/calcular-o-preco-de-venda\/\",\"url\":\"https:\/\/blog.calcularte.com.br\/index.php\/2020\/10\/19\/calcular-o-preco-de-venda\/\",\"name\":\"O que considerar para calcular o pre\u00e7o de venda de um produto\",\"isPartOf\":{\"@id\":\"https:\/\/blog.calcularte.com.br\/#website\"},\"primaryImageOfPage\":{\"@id\":\"https:\/\/blog.calcularte.com.br\/index.php\/2020\/10\/19\/calcular-o-preco-de-venda\/#primaryimage\"},\"image\":{\"@id\":\"https:\/\/blog.calcularte.com.br\/index.php\/2020\/10\/19\/calcular-o-preco-de-venda\/#primaryimage\"},\"thumbnailUrl\":\"https:\/\/blog.calcularte.com.br\/wp-content\/uploads\/2020\/10\/calcular-o-preco-de-venda.png\",\"datePublished\":\"2020-10-19T12:00:00+00:00\",\"dateModified\":\"2020-10-19T14:05:46+00:00\",\"description\":\"Voc\u00ea sabe o que deve considerar para calcular o pre\u00e7o de venda de um produto artesanal? Confira agora neste artigo e precifique sem errar!\",\"breadcrumb\":{\"@id\":\"https:\/\/blog.calcularte.com.br\/index.php\/2020\/10\/19\/calcular-o-preco-de-venda\/#breadcrumb\"},\"inLanguage\":\"pt-BR\",\"potentialAction\":[{\"@type\":\"ReadAction\",\"target\":[\"https:\/\/blog.calcularte.com.br\/index.php\/2020\/10\/19\/calcular-o-preco-de-venda\/\"]}]},{\"@type\":\"ImageObject\",\"inLanguage\":\"pt-BR\",\"@id\":\"https:\/\/blog.calcularte.com.br\/index.php\/2020\/10\/19\/calcular-o-preco-de-venda\/#primaryimage\",\"url\":\"https:\/\/blog.calcularte.com.br\/wp-content\/uploads\/2020\/10\/calcular-o-preco-de-venda.png\",\"contentUrl\":\"https:\/\/blog.calcularte.com.br\/wp-content\/uploads\/2020\/10\/calcular-o-preco-de-venda.png\",\"width\":700,\"height\":400,\"caption\":\"calcular-o-preco-de-venda\"},{\"@type\":\"BreadcrumbList\",\"@id\":\"https:\/\/blog.calcularte.com.br\/index.php\/2020\/10\/19\/calcular-o-preco-de-venda\/#breadcrumb\",\"itemListElement\":[{\"@type\":\"ListItem\",\"position\":1,\"name\":\"In\u00edcio\",\"item\":\"https:\/\/blog.calcularte.com.br\/\"},{\"@type\":\"ListItem\",\"position\":2,\"name\":\"O que considerar para calcular o pre\u00e7o de venda de um produto\"}]},{\"@type\":\"WebSite\",\"@id\":\"https:\/\/blog.calcularte.com.br\/#website\",\"url\":\"https:\/\/blog.calcularte.com.br\/\",\"name\":\"Blog do Calcularte\",\"description\":\"Torne o seu neg\u00f3cio artesanal lucrativo\",\"publisher\":{\"@id\":\"https:\/\/blog.calcularte.com.br\/#organization\"},\"potentialAction\":[{\"@type\":\"SearchAction\",\"target\":{\"@type\":\"EntryPoint\",\"urlTemplate\":\"https:\/\/blog.calcularte.com.br\/?s={search_term_string}\"},\"query-input\":{\"@type\":\"PropertyValueSpecification\",\"valueRequired\":true,\"valueName\":\"search_term_string\"}}],\"inLanguage\":\"pt-BR\"},{\"@type\":\"Organization\",\"@id\":\"https:\/\/blog.calcularte.com.br\/#organization\",\"name\":\"Calcularte\",\"url\":\"https:\/\/blog.calcularte.com.br\/\",\"logo\":{\"@type\":\"ImageObject\",\"inLanguage\":\"pt-BR\",\"@id\":\"https:\/\/blog.calcularte.com.br\/#\/schema\/logo\/image\/\",\"url\":\"https:\/\/blog.calcularte.com.br\/wp-content\/uploads\/2020\/09\/logo.jpg\",\"contentUrl\":\"https:\/\/blog.calcularte.com.br\/wp-content\/uploads\/2020\/09\/logo.jpg\",\"width\":372,\"height\":157,\"caption\":\"Calcularte\"},\"image\":{\"@id\":\"https:\/\/blog.calcularte.com.br\/#\/schema\/logo\/image\/\"},\"sameAs\":[\"https:\/\/www.facebook.com\/calcularte\",\"https:\/\/www.instagram.com\/facebook\",\"https:\/\/www.youtube.com\/calculartebrasil\"]},{\"@type\":\"Person\",\"@id\":\"https:\/\/blog.calcularte.com.br\/#\/schema\/person\/6820c52e9059420b1361c3eb567295a4\",\"name\":\"Vanessa Longo\",\"image\":{\"@type\":\"ImageObject\",\"inLanguage\":\"pt-BR\",\"@id\":\"https:\/\/blog.calcularte.com.br\/#\/schema\/person\/image\/\",\"url\":\"https:\/\/secure.gravatar.com\/avatar\/952e3da2af0942ab85a1d687af968dc6023f1eedb5e18165ceca25254e277af5?s=96&d=wavatar&r=g\",\"contentUrl\":\"https:\/\/secure.gravatar.com\/avatar\/952e3da2af0942ab85a1d687af968dc6023f1eedb5e18165ceca25254e277af5?s=96&d=wavatar&r=g\",\"caption\":\"Vanessa Longo\"},\"description\":\"Publicit\u00e1ria de forma\u00e7\u00e3o, artes\u00e3 de cora\u00e7\u00e3o. F\u00e3 de empreendedorismo, especialmente de neg\u00f3cios criativos. J\u00e1 teve seu ateli\u00ea de papelaria personalizada e hoje se dedica de corpo e alma ao Calcularte!\",\"sameAs\":[\"https:\/\/blog.calcularte.com.br\/blog\"],\"url\":\"https:\/\/blog.calcularte.com.br\/index.php\/author\/vanessa\/\"}]}<\/script>\n<!-- \/ Yoast SEO plugin. -->","yoast_head_json":{"title":"O que considerar para calcular o pre\u00e7o de venda de um produto","description":"Voc\u00ea sabe o que deve considerar para calcular o pre\u00e7o de venda de um produto artesanal? Confira agora neste artigo e precifique sem errar!","robots":{"index":"index","follow":"follow","max-snippet":"max-snippet:-1","max-image-preview":"max-image-preview:large","max-video-preview":"max-video-preview:-1"},"canonical":"https:\/\/blog.calcularte.com.br\/index.php\/2020\/10\/19\/calcular-o-preco-de-venda\/","og_locale":"pt_BR","og_type":"article","og_title":"O que considerar para calcular o pre\u00e7o de venda de um produto","og_description":"Blog do Calcularte &#8211; O que considerar para calcular o pre\u00e7o de venda de um produto","og_url":"https:\/\/blog.calcularte.com.br\/index.php\/2020\/10\/19\/calcular-o-preco-de-venda\/","og_site_name":"Blog do Calcularte","article_publisher":"https:\/\/www.facebook.com\/calcularte","article_published_time":"2020-10-19T12:00:00+00:00","article_modified_time":"2020-10-19T14:05:46+00:00","og_image":[{"width":700,"height":400,"url":"https:\/\/blog.calcularte.com.br\/wp-content\/uploads\/2020\/10\/calcular-o-preco-de-venda.png","type":"image\/png"}],"author":"Vanessa Longo","twitter_card":"summary_large_image","twitter_misc":{"Escrito por":"Vanessa Longo","Est. tempo de leitura":"5 minutos"},"schema":{"@context":"https:\/\/schema.org","@graph":[{"@type":"Article","@id":"https:\/\/blog.calcularte.com.br\/index.php\/2020\/10\/19\/calcular-o-preco-de-venda\/#article","isPartOf":{"@id":"https:\/\/blog.calcularte.com.br\/index.php\/2020\/10\/19\/calcular-o-preco-de-venda\/"},"author":{"name":"Vanessa Longo","@id":"https:\/\/blog.calcularte.com.br\/#\/schema\/person\/6820c52e9059420b1361c3eb567295a4"},"headline":"O que considerar para calcular o pre\u00e7o de venda de um produto","datePublished":"2020-10-19T12:00:00+00:00","dateModified":"2020-10-19T14:05:46+00:00","mainEntityOfPage":{"@id":"https:\/\/blog.calcularte.com.br\/index.php\/2020\/10\/19\/calcular-o-preco-de-venda\/"},"wordCount":1057,"commentCount":0,"publisher":{"@id":"https:\/\/blog.calcularte.com.br\/#organization"},"image":{"@id":"https:\/\/blog.calcularte.com.br\/index.php\/2020\/10\/19\/calcular-o-preco-de-venda\/#primaryimage"},"thumbnailUrl":"https:\/\/blog.calcularte.com.br\/wp-content\/uploads\/2020\/10\/calcular-o-preco-de-venda.png","keywords":["calcular o pre\u00e7o de venda","como compor o pre\u00e7o de venda","custo de produ\u00e7\u00e3o","despesas fixas","forma\u00e7\u00e3o de pre\u00e7o","lucro","m\u00e3o-de-obra","precifica\u00e7\u00e3o","pre\u00e7o de venda","sal\u00e1rio do artes\u00e3o"],"articleSection":["Dicas Calcularte","Empreendedorismo","Precifica\u00e7\u00e3o"],"inLanguage":"pt-BR","potentialAction":[{"@type":"CommentAction","name":"Comment","target":["https:\/\/blog.calcularte.com.br\/index.php\/2020\/10\/19\/calcular-o-preco-de-venda\/#respond"]}]},{"@type":"WebPage","@id":"https:\/\/blog.calcularte.com.br\/index.php\/2020\/10\/19\/calcular-o-preco-de-venda\/","url":"https:\/\/blog.calcularte.com.br\/index.php\/2020\/10\/19\/calcular-o-preco-de-venda\/","name":"O que considerar para calcular o pre\u00e7o de venda de um produto","isPartOf":{"@id":"https:\/\/blog.calcularte.com.br\/#website"},"primaryImageOfPage":{"@id":"https:\/\/blog.calcularte.com.br\/index.php\/2020\/10\/19\/calcular-o-preco-de-venda\/#primaryimage"},"image":{"@id":"https:\/\/blog.calcularte.com.br\/index.php\/2020\/10\/19\/calcular-o-preco-de-venda\/#primaryimage"},"thumbnailUrl":"https:\/\/blog.calcularte.com.br\/wp-content\/uploads\/2020\/10\/calcular-o-preco-de-venda.png","datePublished":"2020-10-19T12:00:00+00:00","dateModified":"2020-10-19T14:05:46+00:00","description":"Voc\u00ea sabe o que deve considerar para calcular o pre\u00e7o de venda de um produto artesanal? Confira agora neste artigo e precifique sem errar!","breadcrumb":{"@id":"https:\/\/blog.calcularte.com.br\/index.php\/2020\/10\/19\/calcular-o-preco-de-venda\/#breadcrumb"},"inLanguage":"pt-BR","potentialAction":[{"@type":"ReadAction","target":["https:\/\/blog.calcularte.com.br\/index.php\/2020\/10\/19\/calcular-o-preco-de-venda\/"]}]},{"@type":"ImageObject","inLanguage":"pt-BR","@id":"https:\/\/blog.calcularte.com.br\/index.php\/2020\/10\/19\/calcular-o-preco-de-venda\/#primaryimage","url":"https:\/\/blog.calcularte.com.br\/wp-content\/uploads\/2020\/10\/calcular-o-preco-de-venda.png","contentUrl":"https:\/\/blog.calcularte.com.br\/wp-content\/uploads\/2020\/10\/calcular-o-preco-de-venda.png","width":700,"height":400,"caption":"calcular-o-preco-de-venda"},{"@type":"BreadcrumbList","@id":"https:\/\/blog.calcularte.com.br\/index.php\/2020\/10\/19\/calcular-o-preco-de-venda\/#breadcrumb","itemListElement":[{"@type":"ListItem","position":1,"name":"In\u00edcio","item":"https:\/\/blog.calcularte.com.br\/"},{"@type":"ListItem","position":2,"name":"O que considerar para calcular o pre\u00e7o de venda de um produto"}]},{"@type":"WebSite","@id":"https:\/\/blog.calcularte.com.br\/#website","url":"https:\/\/blog.calcularte.com.br\/","name":"Blog do Calcularte","description":"Torne o seu neg\u00f3cio artesanal lucrativo","publisher":{"@id":"https:\/\/blog.calcularte.com.br\/#organization"},"potentialAction":[{"@type":"SearchAction","target":{"@type":"EntryPoint","urlTemplate":"https:\/\/blog.calcularte.com.br\/?s={search_term_string}"},"query-input":{"@type":"PropertyValueSpecification","valueRequired":true,"valueName":"search_term_string"}}],"inLanguage":"pt-BR"},{"@type":"Organization","@id":"https:\/\/blog.calcularte.com.br\/#organization","name":"Calcularte","url":"https:\/\/blog.calcularte.com.br\/","logo":{"@type":"ImageObject","inLanguage":"pt-BR","@id":"https:\/\/blog.calcularte.com.br\/#\/schema\/logo\/image\/","url":"https:\/\/blog.calcularte.com.br\/wp-content\/uploads\/2020\/09\/logo.jpg","contentUrl":"https:\/\/blog.calcularte.com.br\/wp-content\/uploads\/2020\/09\/logo.jpg","width":372,"height":157,"caption":"Calcularte"},"image":{"@id":"https:\/\/blog.calcularte.com.br\/#\/schema\/logo\/image\/"},"sameAs":["https:\/\/www.facebook.com\/calcularte","https:\/\/www.instagram.com\/facebook","https:\/\/www.youtube.com\/calculartebrasil"]},{"@type":"Person","@id":"https:\/\/blog.calcularte.com.br\/#\/schema\/person\/6820c52e9059420b1361c3eb567295a4","name":"Vanessa Longo","image":{"@type":"ImageObject","inLanguage":"pt-BR","@id":"https:\/\/blog.calcularte.com.br\/#\/schema\/person\/image\/","url":"https:\/\/secure.gravatar.com\/avatar\/952e3da2af0942ab85a1d687af968dc6023f1eedb5e18165ceca25254e277af5?s=96&d=wavatar&r=g","contentUrl":"https:\/\/secure.gravatar.com\/avatar\/952e3da2af0942ab85a1d687af968dc6023f1eedb5e18165ceca25254e277af5?s=96&d=wavatar&r=g","caption":"Vanessa Longo"},"description":"Publicit\u00e1ria de forma\u00e7\u00e3o, artes\u00e3 de cora\u00e7\u00e3o. F\u00e3 de empreendedorismo, especialmente de neg\u00f3cios criativos. J\u00e1 teve seu ateli\u00ea de papelaria personalizada e hoje se dedica de corpo e alma ao Calcularte!","sameAs":["https:\/\/blog.calcularte.com.br\/blog"],"url":"https:\/\/blog.calcularte.com.br\/index.php\/author\/vanessa\/"}]}},"_links":{"self":[{"href":"https:\/\/blog.calcularte.com.br\/index.php\/wp-json\/wp\/v2\/posts\/221","targetHints":{"allow":["GET"]}}],"collection":[{"href":"https:\/\/blog.calcularte.com.br\/index.php\/wp-json\/wp\/v2\/posts"}],"about":[{"href":"https:\/\/blog.calcularte.com.br\/index.php\/wp-json\/wp\/v2\/types\/post"}],"author":[{"embeddable":true,"href":"https:\/\/blog.calcularte.com.br\/index.php\/wp-json\/wp\/v2\/users\/1"}],"replies":[{"embeddable":true,"href":"https:\/\/blog.calcularte.com.br\/index.php\/wp-json\/wp\/v2\/comments?post=221"}],"version-history":[{"count":15,"href":"https:\/\/blog.calcularte.com.br\/index.php\/wp-json\/wp\/v2\/posts\/221\/revisions"}],"predecessor-version":[{"id":248,"href":"https:\/\/blog.calcularte.com.br\/index.php\/wp-json\/wp\/v2\/posts\/221\/revisions\/248"}],"wp:featuredmedia":[{"embeddable":true,"href":"https:\/\/blog.calcularte.com.br\/index.php\/wp-json\/wp\/v2\/media\/229"}],"wp:attachment":[{"href":"https:\/\/blog.calcularte.com.br\/index.php\/wp-json\/wp\/v2\/media?parent=221"}],"wp:term":[{"taxonomy":"category","embeddable":true,"href":"https:\/\/blog.calcularte.com.br\/index.php\/wp-json\/wp\/v2\/categories?post=221"},{"taxonomy":"post_tag","embeddable":true,"href":"https:\/\/blog.calcularte.com.br\/index.php\/wp-json\/wp\/v2\/tags?post=221"}],"curies":[{"name":"wp","href":"https:\/\/api.w.org\/{rel}","templated":true}]}}