{"id":337,"date":"2020-12-07T10:28:54","date_gmt":"2020-12-07T13:28:54","guid":{"rendered":"https:\/\/blog.calcularte.com.br\/?p=337"},"modified":"2020-12-07T15:29:47","modified_gmt":"2020-12-07T18:29:47","slug":"como-incluir-as-embalagens-no-calcularte","status":"publish","type":"post","link":"https:\/\/blog.calcularte.com.br\/index.php\/2020\/12\/07\/como-incluir-as-embalagens-no-calcularte\/","title":{"rendered":"Como incluir as embalagens no Calcularte"},"content":{"rendered":"\n<div class=\"wp-block-image is-style-rounded\"><figure class=\"aligncenter size-large\"><img loading=\"lazy\" decoding=\"async\" width=\"700\" height=\"450\" src=\"https:\/\/blog.calcularte.com.br\/wp-content\/uploads\/2020\/12\/incluir-as-embalagens-1.png\" alt=\"incluir-as-embalagens\" class=\"wp-image-338\" srcset=\"https:\/\/blog.calcularte.com.br\/wp-content\/uploads\/2020\/12\/incluir-as-embalagens-1.png 700w, https:\/\/blog.calcularte.com.br\/wp-content\/uploads\/2020\/12\/incluir-as-embalagens-1-300x193.png 300w\" sizes=\"auto, (max-width: 700px) 100vw, 700px\" \/><\/figure><\/div>\n\n\n\n<p>Esse post \u00e9 pra voc\u00ea que est\u00e1 usando o <a rel=\"noreferrer noopener\" href=\"http:\/\/www.calcularte.com.br\" target=\"_blank\"><strong>Calcularte<\/strong><\/a> e quer saber como incluir as embalagens no sistema, no Plano Empreendedor (vers\u00e3o completa). Vou te mostrar como \u00e9 f\u00e1cil no passo-a-passo abaixo, vem comigo!<\/p>\n\n\n\n<p>Antes de come\u00e7ar, n\u00f3s dividimos as <strong>embalagens em dois tipos: embalagens individuais e embalagens de transporte<\/strong>. Entenda a diferen\u00e7a de cada uma e como adicion\u00e1-las no Calcularte.<\/p>\n\n\n\n<h4 class=\"has-vivid-green-cyan-color has-text-color wp-block-heading\">Embalagens individuais<\/h4>\n\n\n\n<div class=\"wp-block-image is-style-default\"><figure class=\"aligncenter size-large\"><img loading=\"lazy\" decoding=\"async\" width=\"600\" height=\"300\" src=\"https:\/\/blog.calcularte.com.br\/wp-content\/uploads\/2020\/12\/embalagem-individual.png\" alt=\"embalagens-individuais\" class=\"wp-image-339\" srcset=\"https:\/\/blog.calcularte.com.br\/wp-content\/uploads\/2020\/12\/embalagem-individual.png 600w, https:\/\/blog.calcularte.com.br\/wp-content\/uploads\/2020\/12\/embalagem-individual-300x150.png 300w\" sizes=\"auto, (max-width: 600px) 100vw, 600px\" \/><\/figure><\/div>\n\n\n\n<p>As&nbsp;embalagens&nbsp;individuais s\u00e3o aquelas que obrigatoriamente v\u00e3o acompanhar uma unidade da pe\u00e7a. Por exemplo, um saquinho de celofane que embala uma pulseira, a forminha do brigadeiro, o frasco do hidratante, etc.<\/p>\n\n\n\n<p>Ou seja, o seu produto <strong>obrigatoriamente<\/strong> vai ter essa embalagem, de forma unit\u00e1ria. Por isso esse tipo de embalagem deve ser cadastrada como <strong>material da pe\u00e7a<\/strong>, junto com os outros materiais usados para a confec\u00e7\u00e3o da mesma.<\/p>\n\n\n\n<div class=\"wp-block-image\"><figure class=\"aligncenter size-large is-resized\"><a href=\"https:\/\/blog.calcularte.com.br\/wp-content\/uploads\/2020\/12\/embalagem-individual.jpg\"><img loading=\"lazy\" decoding=\"async\" src=\"https:\/\/blog.calcularte.com.br\/wp-content\/uploads\/2020\/12\/embalagem-individual-1024x404.jpg\" alt=\"embalagem-individual-calcularte\" class=\"wp-image-341\" width=\"1024\" height=\"404\" srcset=\"https:\/\/blog.calcularte.com.br\/wp-content\/uploads\/2020\/12\/embalagem-individual-1024x404.jpg 1024w, https:\/\/blog.calcularte.com.br\/wp-content\/uploads\/2020\/12\/embalagem-individual-300x118.jpg 300w, https:\/\/blog.calcularte.com.br\/wp-content\/uploads\/2020\/12\/embalagem-individual-768x303.jpg 768w, https:\/\/blog.calcularte.com.br\/wp-content\/uploads\/2020\/12\/embalagem-individual-1536x607.jpg 1536w, https:\/\/blog.calcularte.com.br\/wp-content\/uploads\/2020\/12\/embalagem-individual.jpg 1899w\" sizes=\"auto, (max-width: 1024px) 100vw, 1024px\" \/><\/a><figcaption>Clique para ampliar. obs: valores hipot\u00e9ticos<\/figcaption><\/figure><\/div>\n\n\n\n<p>Assim como os outros materiais, o custo dessa embalagem estar\u00e1 incluso na composi\u00e7\u00e3o do pre\u00e7o da pe\u00e7a a t\u00edtulo de &#8220;custo do material&#8221;. Dessa forma, essa embalagem deve ser cadastrada no seu Estoque junto com os outros materiais.<\/p>\n\n\n\n<h4 class=\"has-vivid-green-cyan-color has-text-color wp-block-heading\">Embalagens de transporte<\/h4>\n\n\n\n<div class=\"wp-block-image\"><figure class=\"aligncenter size-large\"><img loading=\"lazy\" decoding=\"async\" width=\"600\" height=\"300\" src=\"https:\/\/blog.calcularte.com.br\/wp-content\/uploads\/2020\/12\/embalagens-de-transporte.png\" alt=\"embalagens-para-transporte\" class=\"wp-image-340\" srcset=\"https:\/\/blog.calcularte.com.br\/wp-content\/uploads\/2020\/12\/embalagens-de-transporte.png 600w, https:\/\/blog.calcularte.com.br\/wp-content\/uploads\/2020\/12\/embalagens-de-transporte-300x150.png 300w\" sizes=\"auto, (max-width: 600px) 100vw, 600px\" \/><\/figure><\/div>\n\n\n\n<p>J\u00e1 as embalagens de transporte s\u00e3o aquelas usadas para entregar o pedido, como sacolas, caixas de papel\u00e3o, etc.<\/p>\n\n\n\n<p><strong>A principal diferen\u00e7a entre a embalagem de transporte e a individual<\/strong> \u00e9 que a de <strong>transporte<\/strong> voc\u00ea usa <strong>por pedido<\/strong> e n\u00e3o <strong>por produto (como a embalagem individual)<\/strong>. Ou seja, uma embalagem de transporte pode comportar mais de uma pe\u00e7a ou mesmo uma pe\u00e7a unit\u00e1ria, se esse for o \u00fanico item comprado pelo cliente.<\/p>\n\n\n\n<p>Por esse motivo a embalagem de transporte tem um tratamento diferente no sistema. Voc\u00ea n\u00e3o pode incluir a embalagem direto na pe\u00e7a, pois o cliente pode comprar mais de um item e a\u00ed voc\u00ea estaria computando uma caixa de papel\u00e3o (por exemplo) em cada pe\u00e7a, mas no final usaria apenas uma caixa para entregar todas as pe\u00e7as da encomenda.<\/p>\n\n\n\n<h4 class=\"has-vivid-green-cyan-color has-text-color wp-block-heading\">Como incluir as embalagens de transporte no Calcularte<\/h4>\n\n\n\n<p>Em primeiro lugar, cadastre as embalagens de transporte que costuma utilizar no Estoque, aba Embalagens -&gt; Nova embalagem. Aqui estamos fazendo somente o cadastro da embalagem.<\/p>\n\n\n\n<figure class=\"wp-block-image size-large\"><a href=\"https:\/\/blog.calcularte.com.br\/wp-content\/uploads\/2020\/12\/nova-embalagem-calcularte.jpg\" target=\"_blank\" rel=\"noopener noreferrer\"><img loading=\"lazy\" decoding=\"async\" width=\"1024\" height=\"517\" src=\"https:\/\/blog.calcularte.com.br\/wp-content\/uploads\/2020\/12\/nova-embalagem-calcularte-1024x517.jpg\" alt=\"nova-embalagem\" class=\"wp-image-342\" srcset=\"https:\/\/blog.calcularte.com.br\/wp-content\/uploads\/2020\/12\/nova-embalagem-calcularte-1024x517.jpg 1024w, https:\/\/blog.calcularte.com.br\/wp-content\/uploads\/2020\/12\/nova-embalagem-calcularte-300x151.jpg 300w, https:\/\/blog.calcularte.com.br\/wp-content\/uploads\/2020\/12\/nova-embalagem-calcularte-768x388.jpg 768w, https:\/\/blog.calcularte.com.br\/wp-content\/uploads\/2020\/12\/nova-embalagem-calcularte.jpg 1531w\" sizes=\"auto, (max-width: 1024px) 100vw, 1024px\" \/><\/a><figcaption>clique para ampliar<\/figcaption><\/figure>\n\n\n\n<p>Depois, quando fizer uma compra de embalagens de transporte, v\u00e1 em Estoque, aba Embalagens e clique em Movimentar Estoque (ou no \u00edcone de setinhas direto no registro da embalagem) para incluir o que comprou. Essa compra ser\u00e1 lan\u00e7ada no seu fluxo de caixa automaticamente.<\/p>\n\n\n\n<figure class=\"wp-block-image size-large\"><a href=\"https:\/\/blog.calcularte.com.br\/wp-content\/uploads\/2020\/12\/caixa-estoque.jpg\" target=\"_blank\" rel=\"noopener noreferrer\"><img loading=\"lazy\" decoding=\"async\" width=\"1024\" height=\"804\" src=\"https:\/\/blog.calcularte.com.br\/wp-content\/uploads\/2020\/12\/caixa-estoque-1024x804.jpg\" alt=\"caixa-estoque\" class=\"wp-image-343\" srcset=\"https:\/\/blog.calcularte.com.br\/wp-content\/uploads\/2020\/12\/caixa-estoque-1024x804.jpg 1024w, https:\/\/blog.calcularte.com.br\/wp-content\/uploads\/2020\/12\/caixa-estoque-300x235.jpg 300w, https:\/\/blog.calcularte.com.br\/wp-content\/uploads\/2020\/12\/caixa-estoque-768x603.jpg 768w, https:\/\/blog.calcularte.com.br\/wp-content\/uploads\/2020\/12\/caixa-estoque.jpg 1143w\" sizes=\"auto, (max-width: 1024px) 100vw, 1024px\" \/><\/a><figcaption>clique para ampliar<\/figcaption><\/figure>\n\n\n\n<figure class=\"wp-block-image size-large\"><a href=\"https:\/\/blog.calcularte.com.br\/wp-content\/uploads\/2020\/12\/fluxo-de-caixa.jpg\" target=\"_blank\" rel=\"noopener noreferrer\"><img loading=\"lazy\" decoding=\"async\" width=\"1024\" height=\"254\" src=\"https:\/\/blog.calcularte.com.br\/wp-content\/uploads\/2020\/12\/fluxo-de-caixa-1024x254.jpg\" alt=\"fluxo-de-caixa\" class=\"wp-image-344\" srcset=\"https:\/\/blog.calcularte.com.br\/wp-content\/uploads\/2020\/12\/fluxo-de-caixa-1024x254.jpg 1024w, https:\/\/blog.calcularte.com.br\/wp-content\/uploads\/2020\/12\/fluxo-de-caixa-300x74.jpg 300w, https:\/\/blog.calcularte.com.br\/wp-content\/uploads\/2020\/12\/fluxo-de-caixa-768x191.jpg 768w, https:\/\/blog.calcularte.com.br\/wp-content\/uploads\/2020\/12\/fluxo-de-caixa-1536x381.jpg 1536w, https:\/\/blog.calcularte.com.br\/wp-content\/uploads\/2020\/12\/fluxo-de-caixa.jpg 1894w\" sizes=\"auto, (max-width: 1024px) 100vw, 1024px\" \/><\/a><figcaption>clique para ampliar<\/figcaption><\/figure>\n\n\n\n<p>As embalagens de transporte est\u00e3o definidas no sistema para entrarem na m\u00e9dia de despesas, que s\u00e3o rateadas para todas as pe\u00e7as. Essa informa\u00e7\u00e3o est\u00e1 em &#8220;Categorias de despesas&#8221;, que fica no submenu verde:<\/p>\n\n\n\n<div class=\"wp-block-image\"><figure class=\"aligncenter size-large\"><a href=\"https:\/\/blog.calcularte.com.br\/wp-content\/uploads\/2020\/12\/categoria-de-despesas.jpg\" target=\"_blank\" rel=\"noopener noreferrer\"><img loading=\"lazy\" decoding=\"async\" width=\"828\" height=\"912\" src=\"https:\/\/blog.calcularte.com.br\/wp-content\/uploads\/2020\/12\/categoria-de-despesas.jpg\" alt=\"\" class=\"wp-image-350\" srcset=\"https:\/\/blog.calcularte.com.br\/wp-content\/uploads\/2020\/12\/categoria-de-despesas.jpg 828w, https:\/\/blog.calcularte.com.br\/wp-content\/uploads\/2020\/12\/categoria-de-despesas-272x300.jpg 272w, https:\/\/blog.calcularte.com.br\/wp-content\/uploads\/2020\/12\/categoria-de-despesas-768x846.jpg 768w\" sizes=\"auto, (max-width: 828px) 100vw, 828px\" \/><\/a><figcaption>clique para ampliar<\/figcaption><\/figure><\/div>\n\n\n\n<p>Assim, esse custo entra nas &#8220;despesas fixas rateadas&#8221;, na composi\u00e7\u00e3o do pre\u00e7o da pe\u00e7a.<\/p>\n\n\n\n<div class=\"wp-block-image\"><figure class=\"aligncenter size-large\"><a href=\"https:\/\/blog.calcularte.com.br\/wp-content\/uploads\/2020\/12\/depesas-fixas.jpg\" target=\"_blank\" rel=\"noopener noreferrer\"><img loading=\"lazy\" decoding=\"async\" width=\"959\" height=\"417\" src=\"https:\/\/blog.calcularte.com.br\/wp-content\/uploads\/2020\/12\/depesas-fixas.jpg\" alt=\"despesas-rateadas\" class=\"wp-image-345\" srcset=\"https:\/\/blog.calcularte.com.br\/wp-content\/uploads\/2020\/12\/depesas-fixas.jpg 959w, https:\/\/blog.calcularte.com.br\/wp-content\/uploads\/2020\/12\/depesas-fixas-300x130.jpg 300w, https:\/\/blog.calcularte.com.br\/wp-content\/uploads\/2020\/12\/depesas-fixas-768x334.jpg 768w\" sizes=\"auto, (max-width: 959px) 100vw, 959px\" \/><\/a><figcaption>clique para ampliar<\/figcaption><\/figure><\/div>\n\n\n\n<p>Quando voc\u00ea for enviar a encomenda, h\u00e1 um campo dentro do pedido para informar qual a embalagem de transporte foi usada, assim ela ser\u00e1 debitada do seu estoque de forma autom\u00e1tica pelo sistema, atualizando o seu estoque.<\/p>\n\n\n\n<div class=\"wp-block-image\"><figure class=\"aligncenter size-large\"><a href=\"https:\/\/blog.calcularte.com.br\/wp-content\/uploads\/2020\/12\/embalagem-pedido.jpg\" target=\"_blank\" rel=\"noopener noreferrer\"><img loading=\"lazy\" decoding=\"async\" width=\"1016\" height=\"582\" src=\"https:\/\/blog.calcularte.com.br\/wp-content\/uploads\/2020\/12\/embalagem-pedido.jpg\" alt=\"\" class=\"wp-image-346\" srcset=\"https:\/\/blog.calcularte.com.br\/wp-content\/uploads\/2020\/12\/embalagem-pedido.jpg 1016w, https:\/\/blog.calcularte.com.br\/wp-content\/uploads\/2020\/12\/embalagem-pedido-300x172.jpg 300w, https:\/\/blog.calcularte.com.br\/wp-content\/uploads\/2020\/12\/embalagem-pedido-768x440.jpg 768w\" sizes=\"auto, (max-width: 1016px) 100vw, 1016px\" \/><\/a><figcaption>clique para ampliar<\/figcaption><\/figure><\/div>\n\n\n\n<p>Viu como \u00e9 f\u00e1cil incluir as embalagens no Calcularte? Dessa forma voc\u00ea mant\u00e9m o seu estoque atualizado e tem a tranquilidade de saber que o custo das embalagens est\u00e1 embutido no pre\u00e7o de venda dos seus produtos.<\/p>\n\n\n\n<p>Ent\u00e3o m\u00e3os \u00e0 obra para come\u00e7ar essa semana linda com o <strong><a href=\"http:\/\/www.calcularte.com.br\" target=\"_blank\" rel=\"noreferrer noopener\">Calcularte<\/a><\/strong> atualizado, otimizando o seu trabalho!<\/p>\n\n\n\n<p><\/p>\n","protected":false},"excerpt":{"rendered":"<p>Esse post \u00e9 pra voc\u00ea que est\u00e1 usando o Calcularte e quer saber como incluir as embalagens no sistema, no Plano Empreendedor (vers\u00e3o completa). Vou te mostrar como \u00e9 f\u00e1cil no passo-a-passo abaixo, vem&#46;&#46;&#46;<\/p>\n","protected":false},"author":1,"featured_media":338,"comment_status":"open","ping_status":"open","sticky":false,"template":"","format":"standard","meta":{"footnotes":""},"categories":[2],"tags":[149,147,146,10,148],"class_list":["post-337","post","type-post","status-publish","format-standard","has-post-thumbnail","hentry","category-dicas-calcularte","tag-calcular-preco","tag-como-incluir-as-embalagens-no-calcularte","tag-embalagens","tag-precificacao","tag-precificar"],"yoast_head":"<!-- This site is optimized with the Yoast SEO plugin v24.9 - https:\/\/yoast.com\/wordpress\/plugins\/seo\/ -->\n<title>Como incluir as embalagens no Calcularte &#8211; Blog do Calcularte<\/title>\n<meta name=\"description\" content=\"Come\u00e7ou a usar o sistema, mas tem d\u00favidas de como incluir as embalagens no Calcularte? Nesse post voc\u00ea vai aprender passo a passo!\" \/>\n<meta name=\"robots\" content=\"index, follow, max-snippet:-1, max-image-preview:large, max-video-preview:-1\" \/>\n<link rel=\"canonical\" href=\"https:\/\/blog.calcularte.com.br\/index.php\/2020\/12\/07\/como-incluir-as-embalagens-no-calcularte\/\" \/>\n<meta property=\"og:locale\" content=\"pt_BR\" \/>\n<meta property=\"og:type\" content=\"article\" \/>\n<meta property=\"og:title\" content=\"Como incluir as embalagens no Calcularte &#8211; Blog do Calcularte\" \/>\n<meta property=\"og:description\" content=\"Come\u00e7ou a usar o sistema, mas tem d\u00favidas de como incluir as embalagens no Calcularte? Nesse post voc\u00ea vai aprender passo a passo!\" \/>\n<meta property=\"og:url\" content=\"https:\/\/blog.calcularte.com.br\/index.php\/2020\/12\/07\/como-incluir-as-embalagens-no-calcularte\/\" \/>\n<meta property=\"og:site_name\" content=\"Blog do Calcularte\" \/>\n<meta property=\"article:publisher\" content=\"https:\/\/www.facebook.com\/calcularte\" \/>\n<meta property=\"article:published_time\" content=\"2020-12-07T13:28:54+00:00\" \/>\n<meta property=\"article:modified_time\" content=\"2020-12-07T18:29:47+00:00\" \/>\n<meta property=\"og:image\" content=\"https:\/\/blog.calcularte.com.br\/wp-content\/uploads\/2020\/12\/incluir-as-embalagens-1.png\" \/>\n\t<meta property=\"og:image:width\" content=\"700\" \/>\n\t<meta property=\"og:image:height\" content=\"450\" \/>\n\t<meta property=\"og:image:type\" content=\"image\/png\" \/>\n<meta name=\"author\" content=\"Vanessa Longo\" \/>\n<meta name=\"twitter:card\" content=\"summary_large_image\" \/>\n<meta name=\"twitter:label1\" content=\"Escrito por\" \/>\n\t<meta name=\"twitter:data1\" content=\"Vanessa Longo\" \/>\n\t<meta name=\"twitter:label2\" content=\"Est. tempo de leitura\" \/>\n\t<meta name=\"twitter:data2\" content=\"3 minutos\" \/>\n<script type=\"application\/ld+json\" class=\"yoast-schema-graph\">{\"@context\":\"https:\/\/schema.org\",\"@graph\":[{\"@type\":\"Article\",\"@id\":\"https:\/\/blog.calcularte.com.br\/index.php\/2020\/12\/07\/como-incluir-as-embalagens-no-calcularte\/#article\",\"isPartOf\":{\"@id\":\"https:\/\/blog.calcularte.com.br\/index.php\/2020\/12\/07\/como-incluir-as-embalagens-no-calcularte\/\"},\"author\":{\"name\":\"Vanessa Longo\",\"@id\":\"https:\/\/blog.calcularte.com.br\/#\/schema\/person\/6820c52e9059420b1361c3eb567295a4\"},\"headline\":\"Como incluir as embalagens no Calcularte\",\"datePublished\":\"2020-12-07T13:28:54+00:00\",\"dateModified\":\"2020-12-07T18:29:47+00:00\",\"mainEntityOfPage\":{\"@id\":\"https:\/\/blog.calcularte.com.br\/index.php\/2020\/12\/07\/como-incluir-as-embalagens-no-calcularte\/\"},\"wordCount\":594,\"commentCount\":0,\"publisher\":{\"@id\":\"https:\/\/blog.calcularte.com.br\/#organization\"},\"image\":{\"@id\":\"https:\/\/blog.calcularte.com.br\/index.php\/2020\/12\/07\/como-incluir-as-embalagens-no-calcularte\/#primaryimage\"},\"thumbnailUrl\":\"https:\/\/blog.calcularte.com.br\/wp-content\/uploads\/2020\/12\/incluir-as-embalagens-1.png\",\"keywords\":[\"calcular pre\u00e7o\",\"como incluir as embalagens no calcularte\",\"embalagens\",\"precifica\u00e7\u00e3o\",\"precificar\"],\"articleSection\":[\"Dicas Calcularte\"],\"inLanguage\":\"pt-BR\",\"potentialAction\":[{\"@type\":\"CommentAction\",\"name\":\"Comment\",\"target\":[\"https:\/\/blog.calcularte.com.br\/index.php\/2020\/12\/07\/como-incluir-as-embalagens-no-calcularte\/#respond\"]}]},{\"@type\":\"WebPage\",\"@id\":\"https:\/\/blog.calcularte.com.br\/index.php\/2020\/12\/07\/como-incluir-as-embalagens-no-calcularte\/\",\"url\":\"https:\/\/blog.calcularte.com.br\/index.php\/2020\/12\/07\/como-incluir-as-embalagens-no-calcularte\/\",\"name\":\"Como incluir as embalagens no Calcularte &#8211; Blog do Calcularte\",\"isPartOf\":{\"@id\":\"https:\/\/blog.calcularte.com.br\/#website\"},\"primaryImageOfPage\":{\"@id\":\"https:\/\/blog.calcularte.com.br\/index.php\/2020\/12\/07\/como-incluir-as-embalagens-no-calcularte\/#primaryimage\"},\"image\":{\"@id\":\"https:\/\/blog.calcularte.com.br\/index.php\/2020\/12\/07\/como-incluir-as-embalagens-no-calcularte\/#primaryimage\"},\"thumbnailUrl\":\"https:\/\/blog.calcularte.com.br\/wp-content\/uploads\/2020\/12\/incluir-as-embalagens-1.png\",\"datePublished\":\"2020-12-07T13:28:54+00:00\",\"dateModified\":\"2020-12-07T18:29:47+00:00\",\"description\":\"Come\u00e7ou a usar o sistema, mas tem d\u00favidas de como incluir as embalagens no Calcularte? Nesse post voc\u00ea vai aprender passo a passo!\",\"breadcrumb\":{\"@id\":\"https:\/\/blog.calcularte.com.br\/index.php\/2020\/12\/07\/como-incluir-as-embalagens-no-calcularte\/#breadcrumb\"},\"inLanguage\":\"pt-BR\",\"potentialAction\":[{\"@type\":\"ReadAction\",\"target\":[\"https:\/\/blog.calcularte.com.br\/index.php\/2020\/12\/07\/como-incluir-as-embalagens-no-calcularte\/\"]}]},{\"@type\":\"ImageObject\",\"inLanguage\":\"pt-BR\",\"@id\":\"https:\/\/blog.calcularte.com.br\/index.php\/2020\/12\/07\/como-incluir-as-embalagens-no-calcularte\/#primaryimage\",\"url\":\"https:\/\/blog.calcularte.com.br\/wp-content\/uploads\/2020\/12\/incluir-as-embalagens-1.png\",\"contentUrl\":\"https:\/\/blog.calcularte.com.br\/wp-content\/uploads\/2020\/12\/incluir-as-embalagens-1.png\",\"width\":700,\"height\":450,\"caption\":\"incluir-as-embalagens\"},{\"@type\":\"BreadcrumbList\",\"@id\":\"https:\/\/blog.calcularte.com.br\/index.php\/2020\/12\/07\/como-incluir-as-embalagens-no-calcularte\/#breadcrumb\",\"itemListElement\":[{\"@type\":\"ListItem\",\"position\":1,\"name\":\"In\u00edcio\",\"item\":\"https:\/\/blog.calcularte.com.br\/\"},{\"@type\":\"ListItem\",\"position\":2,\"name\":\"Como incluir as embalagens no Calcularte\"}]},{\"@type\":\"WebSite\",\"@id\":\"https:\/\/blog.calcularte.com.br\/#website\",\"url\":\"https:\/\/blog.calcularte.com.br\/\",\"name\":\"Blog do Calcularte\",\"description\":\"Torne o seu neg\u00f3cio artesanal lucrativo\",\"publisher\":{\"@id\":\"https:\/\/blog.calcularte.com.br\/#organization\"},\"potentialAction\":[{\"@type\":\"SearchAction\",\"target\":{\"@type\":\"EntryPoint\",\"urlTemplate\":\"https:\/\/blog.calcularte.com.br\/?s={search_term_string}\"},\"query-input\":{\"@type\":\"PropertyValueSpecification\",\"valueRequired\":true,\"valueName\":\"search_term_string\"}}],\"inLanguage\":\"pt-BR\"},{\"@type\":\"Organization\",\"@id\":\"https:\/\/blog.calcularte.com.br\/#organization\",\"name\":\"Calcularte\",\"url\":\"https:\/\/blog.calcularte.com.br\/\",\"logo\":{\"@type\":\"ImageObject\",\"inLanguage\":\"pt-BR\",\"@id\":\"https:\/\/blog.calcularte.com.br\/#\/schema\/logo\/image\/\",\"url\":\"https:\/\/blog.calcularte.com.br\/wp-content\/uploads\/2020\/09\/logo.jpg\",\"contentUrl\":\"https:\/\/blog.calcularte.com.br\/wp-content\/uploads\/2020\/09\/logo.jpg\",\"width\":372,\"height\":157,\"caption\":\"Calcularte\"},\"image\":{\"@id\":\"https:\/\/blog.calcularte.com.br\/#\/schema\/logo\/image\/\"},\"sameAs\":[\"https:\/\/www.facebook.com\/calcularte\",\"https:\/\/www.instagram.com\/facebook\",\"https:\/\/www.youtube.com\/calculartebrasil\"]},{\"@type\":\"Person\",\"@id\":\"https:\/\/blog.calcularte.com.br\/#\/schema\/person\/6820c52e9059420b1361c3eb567295a4\",\"name\":\"Vanessa Longo\",\"image\":{\"@type\":\"ImageObject\",\"inLanguage\":\"pt-BR\",\"@id\":\"https:\/\/blog.calcularte.com.br\/#\/schema\/person\/image\/\",\"url\":\"https:\/\/secure.gravatar.com\/avatar\/952e3da2af0942ab85a1d687af968dc6023f1eedb5e18165ceca25254e277af5?s=96&d=wavatar&r=g\",\"contentUrl\":\"https:\/\/secure.gravatar.com\/avatar\/952e3da2af0942ab85a1d687af968dc6023f1eedb5e18165ceca25254e277af5?s=96&d=wavatar&r=g\",\"caption\":\"Vanessa Longo\"},\"description\":\"Publicit\u00e1ria de forma\u00e7\u00e3o, artes\u00e3 de cora\u00e7\u00e3o. F\u00e3 de empreendedorismo, especialmente de neg\u00f3cios criativos. J\u00e1 teve seu ateli\u00ea de papelaria personalizada e hoje se dedica de corpo e alma ao Calcularte!\",\"sameAs\":[\"https:\/\/blog.calcularte.com.br\/blog\"],\"url\":\"https:\/\/blog.calcularte.com.br\/index.php\/author\/vanessa\/\"}]}<\/script>\n<!-- \/ Yoast SEO plugin. -->","yoast_head_json":{"title":"Como incluir as embalagens no Calcularte &#8211; Blog do Calcularte","description":"Come\u00e7ou a usar o sistema, mas tem d\u00favidas de como incluir as embalagens no Calcularte? Nesse post voc\u00ea vai aprender passo a passo!","robots":{"index":"index","follow":"follow","max-snippet":"max-snippet:-1","max-image-preview":"max-image-preview:large","max-video-preview":"max-video-preview:-1"},"canonical":"https:\/\/blog.calcularte.com.br\/index.php\/2020\/12\/07\/como-incluir-as-embalagens-no-calcularte\/","og_locale":"pt_BR","og_type":"article","og_title":"Como incluir as embalagens no Calcularte &#8211; Blog do Calcularte","og_description":"Come\u00e7ou a usar o sistema, mas tem d\u00favidas de como incluir as embalagens no Calcularte? Nesse post voc\u00ea vai aprender passo a passo!","og_url":"https:\/\/blog.calcularte.com.br\/index.php\/2020\/12\/07\/como-incluir-as-embalagens-no-calcularte\/","og_site_name":"Blog do Calcularte","article_publisher":"https:\/\/www.facebook.com\/calcularte","article_published_time":"2020-12-07T13:28:54+00:00","article_modified_time":"2020-12-07T18:29:47+00:00","og_image":[{"width":700,"height":450,"url":"https:\/\/blog.calcularte.com.br\/wp-content\/uploads\/2020\/12\/incluir-as-embalagens-1.png","type":"image\/png"}],"author":"Vanessa Longo","twitter_card":"summary_large_image","twitter_misc":{"Escrito por":"Vanessa Longo","Est. tempo de leitura":"3 minutos"},"schema":{"@context":"https:\/\/schema.org","@graph":[{"@type":"Article","@id":"https:\/\/blog.calcularte.com.br\/index.php\/2020\/12\/07\/como-incluir-as-embalagens-no-calcularte\/#article","isPartOf":{"@id":"https:\/\/blog.calcularte.com.br\/index.php\/2020\/12\/07\/como-incluir-as-embalagens-no-calcularte\/"},"author":{"name":"Vanessa Longo","@id":"https:\/\/blog.calcularte.com.br\/#\/schema\/person\/6820c52e9059420b1361c3eb567295a4"},"headline":"Como incluir as embalagens no Calcularte","datePublished":"2020-12-07T13:28:54+00:00","dateModified":"2020-12-07T18:29:47+00:00","mainEntityOfPage":{"@id":"https:\/\/blog.calcularte.com.br\/index.php\/2020\/12\/07\/como-incluir-as-embalagens-no-calcularte\/"},"wordCount":594,"commentCount":0,"publisher":{"@id":"https:\/\/blog.calcularte.com.br\/#organization"},"image":{"@id":"https:\/\/blog.calcularte.com.br\/index.php\/2020\/12\/07\/como-incluir-as-embalagens-no-calcularte\/#primaryimage"},"thumbnailUrl":"https:\/\/blog.calcularte.com.br\/wp-content\/uploads\/2020\/12\/incluir-as-embalagens-1.png","keywords":["calcular pre\u00e7o","como incluir as embalagens no calcularte","embalagens","precifica\u00e7\u00e3o","precificar"],"articleSection":["Dicas Calcularte"],"inLanguage":"pt-BR","potentialAction":[{"@type":"CommentAction","name":"Comment","target":["https:\/\/blog.calcularte.com.br\/index.php\/2020\/12\/07\/como-incluir-as-embalagens-no-calcularte\/#respond"]}]},{"@type":"WebPage","@id":"https:\/\/blog.calcularte.com.br\/index.php\/2020\/12\/07\/como-incluir-as-embalagens-no-calcularte\/","url":"https:\/\/blog.calcularte.com.br\/index.php\/2020\/12\/07\/como-incluir-as-embalagens-no-calcularte\/","name":"Como incluir as embalagens no Calcularte &#8211; Blog do Calcularte","isPartOf":{"@id":"https:\/\/blog.calcularte.com.br\/#website"},"primaryImageOfPage":{"@id":"https:\/\/blog.calcularte.com.br\/index.php\/2020\/12\/07\/como-incluir-as-embalagens-no-calcularte\/#primaryimage"},"image":{"@id":"https:\/\/blog.calcularte.com.br\/index.php\/2020\/12\/07\/como-incluir-as-embalagens-no-calcularte\/#primaryimage"},"thumbnailUrl":"https:\/\/blog.calcularte.com.br\/wp-content\/uploads\/2020\/12\/incluir-as-embalagens-1.png","datePublished":"2020-12-07T13:28:54+00:00","dateModified":"2020-12-07T18:29:47+00:00","description":"Come\u00e7ou a usar o sistema, mas tem d\u00favidas de como incluir as embalagens no Calcularte? Nesse post voc\u00ea vai aprender passo a passo!","breadcrumb":{"@id":"https:\/\/blog.calcularte.com.br\/index.php\/2020\/12\/07\/como-incluir-as-embalagens-no-calcularte\/#breadcrumb"},"inLanguage":"pt-BR","potentialAction":[{"@type":"ReadAction","target":["https:\/\/blog.calcularte.com.br\/index.php\/2020\/12\/07\/como-incluir-as-embalagens-no-calcularte\/"]}]},{"@type":"ImageObject","inLanguage":"pt-BR","@id":"https:\/\/blog.calcularte.com.br\/index.php\/2020\/12\/07\/como-incluir-as-embalagens-no-calcularte\/#primaryimage","url":"https:\/\/blog.calcularte.com.br\/wp-content\/uploads\/2020\/12\/incluir-as-embalagens-1.png","contentUrl":"https:\/\/blog.calcularte.com.br\/wp-content\/uploads\/2020\/12\/incluir-as-embalagens-1.png","width":700,"height":450,"caption":"incluir-as-embalagens"},{"@type":"BreadcrumbList","@id":"https:\/\/blog.calcularte.com.br\/index.php\/2020\/12\/07\/como-incluir-as-embalagens-no-calcularte\/#breadcrumb","itemListElement":[{"@type":"ListItem","position":1,"name":"In\u00edcio","item":"https:\/\/blog.calcularte.com.br\/"},{"@type":"ListItem","position":2,"name":"Como incluir as embalagens no Calcularte"}]},{"@type":"WebSite","@id":"https:\/\/blog.calcularte.com.br\/#website","url":"https:\/\/blog.calcularte.com.br\/","name":"Blog do Calcularte","description":"Torne o seu neg\u00f3cio artesanal lucrativo","publisher":{"@id":"https:\/\/blog.calcularte.com.br\/#organization"},"potentialAction":[{"@type":"SearchAction","target":{"@type":"EntryPoint","urlTemplate":"https:\/\/blog.calcularte.com.br\/?s={search_term_string}"},"query-input":{"@type":"PropertyValueSpecification","valueRequired":true,"valueName":"search_term_string"}}],"inLanguage":"pt-BR"},{"@type":"Organization","@id":"https:\/\/blog.calcularte.com.br\/#organization","name":"Calcularte","url":"https:\/\/blog.calcularte.com.br\/","logo":{"@type":"ImageObject","inLanguage":"pt-BR","@id":"https:\/\/blog.calcularte.com.br\/#\/schema\/logo\/image\/","url":"https:\/\/blog.calcularte.com.br\/wp-content\/uploads\/2020\/09\/logo.jpg","contentUrl":"https:\/\/blog.calcularte.com.br\/wp-content\/uploads\/2020\/09\/logo.jpg","width":372,"height":157,"caption":"Calcularte"},"image":{"@id":"https:\/\/blog.calcularte.com.br\/#\/schema\/logo\/image\/"},"sameAs":["https:\/\/www.facebook.com\/calcularte","https:\/\/www.instagram.com\/facebook","https:\/\/www.youtube.com\/calculartebrasil"]},{"@type":"Person","@id":"https:\/\/blog.calcularte.com.br\/#\/schema\/person\/6820c52e9059420b1361c3eb567295a4","name":"Vanessa Longo","image":{"@type":"ImageObject","inLanguage":"pt-BR","@id":"https:\/\/blog.calcularte.com.br\/#\/schema\/person\/image\/","url":"https:\/\/secure.gravatar.com\/avatar\/952e3da2af0942ab85a1d687af968dc6023f1eedb5e18165ceca25254e277af5?s=96&d=wavatar&r=g","contentUrl":"https:\/\/secure.gravatar.com\/avatar\/952e3da2af0942ab85a1d687af968dc6023f1eedb5e18165ceca25254e277af5?s=96&d=wavatar&r=g","caption":"Vanessa Longo"},"description":"Publicit\u00e1ria de forma\u00e7\u00e3o, artes\u00e3 de cora\u00e7\u00e3o. F\u00e3 de empreendedorismo, especialmente de neg\u00f3cios criativos. J\u00e1 teve seu ateli\u00ea de papelaria personalizada e hoje se dedica de corpo e alma ao Calcularte!","sameAs":["https:\/\/blog.calcularte.com.br\/blog"],"url":"https:\/\/blog.calcularte.com.br\/index.php\/author\/vanessa\/"}]}},"_links":{"self":[{"href":"https:\/\/blog.calcularte.com.br\/index.php\/wp-json\/wp\/v2\/posts\/337","targetHints":{"allow":["GET"]}}],"collection":[{"href":"https:\/\/blog.calcularte.com.br\/index.php\/wp-json\/wp\/v2\/posts"}],"about":[{"href":"https:\/\/blog.calcularte.com.br\/index.php\/wp-json\/wp\/v2\/types\/post"}],"author":[{"embeddable":true,"href":"https:\/\/blog.calcularte.com.br\/index.php\/wp-json\/wp\/v2\/users\/1"}],"replies":[{"embeddable":true,"href":"https:\/\/blog.calcularte.com.br\/index.php\/wp-json\/wp\/v2\/comments?post=337"}],"version-history":[{"count":7,"href":"https:\/\/blog.calcularte.com.br\/index.php\/wp-json\/wp\/v2\/posts\/337\/revisions"}],"predecessor-version":[{"id":354,"href":"https:\/\/blog.calcularte.com.br\/index.php\/wp-json\/wp\/v2\/posts\/337\/revisions\/354"}],"wp:featuredmedia":[{"embeddable":true,"href":"https:\/\/blog.calcularte.com.br\/index.php\/wp-json\/wp\/v2\/media\/338"}],"wp:attachment":[{"href":"https:\/\/blog.calcularte.com.br\/index.php\/wp-json\/wp\/v2\/media?parent=337"}],"wp:term":[{"taxonomy":"category","embeddable":true,"href":"https:\/\/blog.calcularte.com.br\/index.php\/wp-json\/wp\/v2\/categories?post=337"},{"taxonomy":"post_tag","embeddable":true,"href":"https:\/\/blog.calcularte.com.br\/index.php\/wp-json\/wp\/v2\/tags?post=337"}],"curies":[{"name":"wp","href":"https:\/\/api.w.org\/{rel}","templated":true}]}}