{"id":358,"date":"2021-01-11T08:00:00","date_gmt":"2021-01-11T11:00:00","guid":{"rendered":"https:\/\/blog.calcularte.com.br\/?p=358"},"modified":"2021-01-11T10:30:13","modified_gmt":"2021-01-11T13:30:13","slug":"alterar-as-configuracoes-de-trabalho","status":"publish","type":"post","link":"https:\/\/blog.calcularte.com.br\/index.php\/2021\/01\/11\/alterar-as-configuracoes-de-trabalho\/","title":{"rendered":"Como alterar as configura\u00e7\u00f5es de trabalho no Calcularte"},"content":{"rendered":"\n<div class=\"wp-block-image is-style-default\"><figure class=\"aligncenter size-large\"><img loading=\"lazy\" decoding=\"async\" width=\"700\" height=\"500\" src=\"https:\/\/blog.calcularte.com.br\/wp-content\/uploads\/2021\/01\/alterar-configuracoes-de-trabalho-calcularte.png\" alt=\"alterar-configuracoes-de-trabalho\" class=\"wp-image-364\" srcset=\"https:\/\/blog.calcularte.com.br\/wp-content\/uploads\/2021\/01\/alterar-configuracoes-de-trabalho-calcularte.png 700w, https:\/\/blog.calcularte.com.br\/wp-content\/uploads\/2021\/01\/alterar-configuracoes-de-trabalho-calcularte-300x214.png 300w\" sizes=\"auto, (max-width: 700px) 100vw, 700px\" \/><\/figure><\/div>\n\n\n\n<p>Alterar as configura\u00e7\u00f5es de trabalho que voc\u00ea fez inicialmente no <strong><a href=\"http:\/\/www.calcularte.com.br\" target=\"_blank\" rel=\"noreferrer noopener\">Calcularte<\/a><\/strong> \u00e9 muito simples e voc\u00ea pode fazer a qualquer momento. Aprenda neste post.<\/p>\n\n\n\n<h4 class=\"has-vivid-purple-color has-text-color wp-block-heading\"><strong>Configura\u00e7\u00f5es iniciais<\/strong><\/h4>\n\n\n\n<p>Quando voc\u00ea come\u00e7a a usar o Calcularte \u00e9 exibida uma tela para configurar os seus dados de trabalho. Nessa tela voc\u00ea informa quantos dias trabalha por semana, quantas horas por dia e, dessas horas, quantas s\u00e3o dedicadas exclusivamente \u00e0 produ\u00e7\u00e3o de seus produtos:<\/p>\n\n\n\n<div class=\"wp-block-image\"><figure class=\"aligncenter size-large is-resized\"><a href=\"https:\/\/blog.calcularte.com.br\/wp-content\/uploads\/2021\/01\/configuracao-inicial-1.png\"><img loading=\"lazy\" decoding=\"async\" src=\"https:\/\/blog.calcularte.com.br\/wp-content\/uploads\/2021\/01\/configuracao-inicial-1-1024x458.png\" alt=\"configuracao-inicial-calcularte\" class=\"wp-image-359\" width=\"768\" height=\"344\" srcset=\"https:\/\/blog.calcularte.com.br\/wp-content\/uploads\/2021\/01\/configuracao-inicial-1-1024x458.png 1024w, https:\/\/blog.calcularte.com.br\/wp-content\/uploads\/2021\/01\/configuracao-inicial-1-300x134.png 300w, https:\/\/blog.calcularte.com.br\/wp-content\/uploads\/2021\/01\/configuracao-inicial-1-768x344.png 768w, https:\/\/blog.calcularte.com.br\/wp-content\/uploads\/2021\/01\/configuracao-inicial-1-1536x687.png 1536w, https:\/\/blog.calcularte.com.br\/wp-content\/uploads\/2021\/01\/configuracao-inicial-1.png 1918w\" sizes=\"auto, (max-width: 768px) 100vw, 768px\" \/><\/a><figcaption>clique para ampliar<\/figcaption><\/figure><\/div>\n\n\n\n<p>Na tela seguinte voc\u00ea define o valor do seu sal\u00e1rio mensal (mesmo trabalhando por conta pr\u00f3pria voc\u00ea deve ter um sal\u00e1rio):<\/p>\n\n\n\n<div class=\"wp-block-image\"><figure class=\"aligncenter size-large is-resized\"><a href=\"https:\/\/blog.calcularte.com.br\/wp-content\/uploads\/2021\/01\/configuracao-inicial-2.png\"><img loading=\"lazy\" decoding=\"async\" src=\"https:\/\/blog.calcularte.com.br\/wp-content\/uploads\/2021\/01\/configuracao-inicial-2-1024x452.png\" alt=\"configuracao-salario-calcularte\" class=\"wp-image-360\" width=\"768\" height=\"339\" srcset=\"https:\/\/blog.calcularte.com.br\/wp-content\/uploads\/2021\/01\/configuracao-inicial-2-1024x452.png 1024w, https:\/\/blog.calcularte.com.br\/wp-content\/uploads\/2021\/01\/configuracao-inicial-2-300x133.png 300w, https:\/\/blog.calcularte.com.br\/wp-content\/uploads\/2021\/01\/configuracao-inicial-2-768x339.png 768w, https:\/\/blog.calcularte.com.br\/wp-content\/uploads\/2021\/01\/configuracao-inicial-2-1536x679.png 1536w, https:\/\/blog.calcularte.com.br\/wp-content\/uploads\/2021\/01\/configuracao-inicial-2.png 1915w\" sizes=\"auto, (max-width: 768px) 100vw, 768px\" \/><\/a><figcaption>clique para ampliar<\/figcaption><\/figure><\/div>\n\n\n\n<h4 class=\"has-vivid-purple-color has-text-color wp-block-heading\"><strong>Entendendo as configura\u00e7\u00f5es de trabalho<\/strong><\/h4>\n\n\n\n<p>Com essas informa\u00e7\u00f5es o Calcularte vai calcular o valor da sua m\u00e3o-de-obra, que ser\u00e1 inclusa no custo das suas pe\u00e7as. \u00c9 essa m\u00e3o-de-obra que vai compor o seu sal\u00e1rio mensal.<\/p>\n\n\n\n<p>Para atingir o sal\u00e1rio definido \u00e9 necess\u00e1rio trabalhar na sua capacidade m\u00e1xima de produ\u00e7\u00e3o, que \u00e9 baseada na quantidade de dias de trabalho e horas de produ\u00e7\u00e3o, informadas anteriormente. <\/p>\n\n\n\n<p>Ent\u00e3o, se voc\u00ea produzir e vender menos do que sua capacidade de produ\u00e7\u00e3o, voc\u00ea n\u00e3o vai conseguir cobrir o sal\u00e1rio desejado, ficando com uma renda mensal menor do que o esperado.<\/p>\n\n\n\n<p>Voc\u00ea pode fazer essa configura\u00e7\u00e3o inicial e ir avaliando se realmente trabalha a quantidade de horas totais informadas e se de fato est\u00e1 produzindo todas as horas que definiu para se dedicar \u00e0 produ\u00e7\u00e3o.<\/p>\n\n\n\n<h4 class=\"has-vivid-purple-color has-text-color wp-block-heading\"><strong>Como analisar e usar essas informa\u00e7\u00f5es<\/strong><\/h4>\n\n\n\n<p>Caso note que parte desse tempo n\u00e3o est\u00e1 sendo usado para produ\u00e7\u00e3o, analise sua estrat\u00e9gia de vendas para poder vender mais, pois sua capacidade de produ\u00e7\u00e3o est\u00e1 ociosa. <\/p>\n\n\n\n<p>Se chegar \u00e0 conclus\u00e3o de que n\u00e3o est\u00e1 conseguindo aumentar as vendas nesse momento, voc\u00ea pode diminuir suas horas de produ\u00e7\u00e3o, por exemplo.<\/p>\n\n\n\n<p class=\"has-text-align-left has-light-green-cyan-background-color has-background\">Assim, \u00e9 importante lembrar que quanto MENOR for o seu tempo de trabalho, MAIOR ser\u00e1 o valor da sua m\u00e3o-de-obra para conseguir cobrir o sal\u00e1rio desejado. Consequentemente, quanto MAIOR o tempo de trabalho, significa que sua capacidade de produ\u00e7\u00e3o \u00e9 maior e por isso o valor da m\u00e3o-de-obra ser\u00e1 MENOR, pois ser\u00e1 dilu\u00edda em mais pe\u00e7as que voc\u00ea consegue produzir.<\/p>\n\n\n\n<p>Por exemplo, uma pessoa que trabalha em seu neg\u00f3cio artesanal apenas aos finais de semana, vai ter uma capacidade de produ\u00e7\u00e3o pequena. Assim, o valor da sua m\u00e3o-de-obra vai subir para conseguir cobrir o sal\u00e1rio definido.<\/p>\n\n\n\n<p>Por outro lado, uma pessoa que trabalha a semana inteira consegue produzir mais produtos, diluindo o valor da sua m\u00e3o-de-obra para mais de pe\u00e7as. Assim, o valor da sua m\u00e3o-de-obra ser\u00e1 menor, pois ela \u00e9 distribu\u00edda para mais pe\u00e7as. Dessa forma, essa pessoa consegue produzir e vender mais produtos em rela\u00e7\u00e3o \u00e0 primeira.<\/p>\n\n\n\n<p>Essas informa\u00e7\u00f5es tamb\u00e9m ajudam a definir um sal\u00e1rio com o p\u00e9 no ch\u00e3o, pois se voc\u00ea colocar um sal\u00e1rio muito alto trabalhando poucas horas, suas m\u00e3o-de-obra vai ficar alta, encarecendo suas pe\u00e7as. Dessa forma voc\u00ea corre o risco de n\u00e3o conseguir vender o necess\u00e1rio para atingir o sal\u00e1rio pretendido e cobrir as outras despesas.<\/p>\n\n\n\n<h4 class=\"has-vivid-purple-color has-text-color wp-block-heading\"><strong>Anota a\u00ed!<\/strong><\/h4>\n\n\n\n<p class=\"has-pale-cyan-blue-background-color has-background\">Quanto mais horas voc\u00ea trabalha, mais pe\u00e7as voc\u00ea pode produzir e por isso o valor da sua m\u00e3o-de-obra pode ser menor. \u00c9 <strong>IMPORTANT\u00cdSSIMO<\/strong> que voc\u00ea tenha o seu pr\u00f3prio custo de m\u00e3o-de-obra e n\u00e3o se baseie no de outra pessoa. Pode ser que ela consiga vender mais barato por ter um custo de m\u00e3o-de-obra menor, por conseguir produzir mais do que voc\u00ea. Se voc\u00ea se basear no pre\u00e7o dela, \u00e9 prov\u00e1vel que voc\u00ea n\u00e3o consiga cobrir o seu sal\u00e1rio.<\/p>\n\n\n\n<h4 class=\"has-vivid-purple-color has-text-color wp-block-heading\"><strong>Alterando as configura\u00e7\u00f5es de trabalho<\/strong><\/h4>\n\n\n\n<p>Voc\u00ea pode fazer ajustes nas configura\u00e7\u00f5es do seu trabalho quando achar necess\u00e1rio (est\u00e1 trabalhando mais horas, quer rever o sal\u00e1rio, contratou um funcion\u00e1rio, etc), \u00e9 muito simples.<\/p>\n\n\n\n<p>Para <strong>alterar suas configura\u00e7\u00f5es de trabalho<\/strong>, v\u00e1 em <strong>Configura\u00e7\u00f5es, aba Funcion\u00e1rios<\/strong> e edite os dados que desejar (sal\u00e1rio, dias de trabalho, horas de trabalho, horas de produ\u00e7\u00e3o). Aqui voc\u00ea tamb\u00e9m pode incluir uma foto sua, definir se recebe 13\u00ba sal\u00e1rio e como \u00e9 feito o pagamento do seu sal\u00e1rio. <\/p>\n\n\n\n<div class=\"wp-block-image\"><figure class=\"aligncenter size-large is-resized\"><a href=\"https:\/\/blog.calcularte.com.br\/wp-content\/uploads\/2021\/01\/configuracoes-de-trabalho.png\"><img loading=\"lazy\" decoding=\"async\" src=\"https:\/\/blog.calcularte.com.br\/wp-content\/uploads\/2021\/01\/configuracoes-de-trabalho-1024x673.png\" alt=\"alterar-configuracoes-de-trabalho\" class=\"wp-image-361\" width=\"768\" height=\"505\" srcset=\"https:\/\/blog.calcularte.com.br\/wp-content\/uploads\/2021\/01\/configuracoes-de-trabalho-1024x673.png 1024w, https:\/\/blog.calcularte.com.br\/wp-content\/uploads\/2021\/01\/configuracoes-de-trabalho-300x197.png 300w, https:\/\/blog.calcularte.com.br\/wp-content\/uploads\/2021\/01\/configuracoes-de-trabalho-768x505.png 768w, https:\/\/blog.calcularte.com.br\/wp-content\/uploads\/2021\/01\/configuracoes-de-trabalho.png 1340w\" sizes=\"auto, (max-width: 768px) 100vw, 768px\" \/><\/a><figcaption>clique para ampliar<\/figcaption><\/figure><\/div>\n\n\n\n<p> Nesta mesma se\u00e7\u00e3o voc\u00ea pode incluir ou excluir funcion\u00e1rios; os dados tamb\u00e9m pode ser editados a qualquer tempo.<\/p>\n\n\n\n<h4 class=\"has-vivid-purple-color has-text-color wp-block-heading\"><strong>Resumo dos seus dados<\/strong><\/h4>\n\n\n\n<p>Com base nessas configura\u00e7\u00f5es, o Calcularte calcula o valor da sua hora de trabalho, total de horas trabalhadas por m\u00eas e o custo da sua hora de produ\u00e7\u00e3o (que \u00e9 o valor da sua m\u00e3o-de-obra, considerada na precifica\u00e7\u00e3o da sua pe\u00e7a de acordo com o tempo de produ\u00e7\u00e3o da mesma).<\/p>\n\n\n\n<p>Essas informa\u00e7\u00f5es podem ser vistas em Configura\u00e7\u00f5es, aba Meus Dados:<\/p>\n\n\n\n<div class=\"wp-block-image\"><figure class=\"aligncenter size-large is-resized\"><a href=\"https:\/\/blog.calcularte.com.br\/wp-content\/uploads\/2021\/01\/config-meus-dados.png\"><img loading=\"lazy\" decoding=\"async\" src=\"https:\/\/blog.calcularte.com.br\/wp-content\/uploads\/2021\/01\/config-meus-dados.png\" alt=\"configuracoes-calcularte\" class=\"wp-image-363\" width=\"692\" height=\"703\" srcset=\"https:\/\/blog.calcularte.com.br\/wp-content\/uploads\/2021\/01\/config-meus-dados.png 923w, https:\/\/blog.calcularte.com.br\/wp-content\/uploads\/2021\/01\/config-meus-dados-296x300.png 296w, https:\/\/blog.calcularte.com.br\/wp-content\/uploads\/2021\/01\/config-meus-dados-768x780.png 768w, https:\/\/blog.calcularte.com.br\/wp-content\/uploads\/2021\/01\/config-meus-dados-80x80.png 80w\" sizes=\"auto, (max-width: 692px) 100vw, 692px\" \/><\/a><figcaption>clique para ampliar<\/figcaption><\/figure><\/div>\n\n\n\n<p>E falando em sal\u00e1rio, aproveite para ver esse v\u00eddeo onde explicamos a diferen\u00e7a entre o sal\u00e1rio do artes\u00e3o e o lucro do seu neg\u00f3cio:<\/p>\n\n\n\n<figure class=\"wp-block-embed-youtube aligncenter wp-block-embed is-type-video is-provider-youtube wp-embed-aspect-16-9 wp-has-aspect-ratio\"><div class=\"wp-block-embed__wrapper\">\n<div class=\"video-container\"><iframe loading=\"lazy\" title=\"O sal\u00e1rio do artes\u00e3o e o lucro da sua empresa\" width=\"500\" height=\"281\" src=\"https:\/\/www.youtube.com\/embed\/j-zw8_qZM8Q?feature=oembed&#038;wmode=opaque\" frameborder=\"0\" allow=\"accelerometer; autoplay; clipboard-write; encrypted-media; gyroscope; picture-in-picture; web-share\" referrerpolicy=\"strict-origin-when-cross-origin\" allowfullscreen><\/iframe><\/div>\n<\/div><\/figure>\n\n\n\n<p><a href=\"https:\/\/blog.calcularte.com.br\/index.php\/2020\/09\/01\/qual-deve-ser-a-margem-de-lucro-de-um-produto-artesanal\/\">Quer saber tamb\u00e9m sobre margem de lucro? D\u00e1 uma olhada nesse post!<\/a><\/p>\n\n\n\n<p>Aproveite para atualizar seus dados no Calcularte e come\u00e7ar o ano com seu neg\u00f3cio organizado!<\/p>\n","protected":false},"excerpt":{"rendered":"<p>Alterar as configura\u00e7\u00f5es de trabalho que voc\u00ea fez inicialmente no Calcularte \u00e9 muito simples e voc\u00ea pode fazer a qualquer momento. Aprenda neste post. Configura\u00e7\u00f5es iniciais Quando voc\u00ea come\u00e7a a usar o Calcularte \u00e9&#46;&#46;&#46;<\/p>\n","protected":false},"author":1,"featured_media":364,"comment_status":"open","ping_status":"open","sticky":false,"template":"","format":"standard","meta":{"footnotes":""},"categories":[2,4],"tags":[18,150,151,152,155,94,153,154],"class_list":["post-358","post","type-post","status-publish","format-standard","has-post-thumbnail","hentry","category-dicas-calcularte","category-precificacao","tag-calcularte","tag-configuracoes","tag-configuracoes-de-trabalho","tag-editar-meus-dados","tag-horas-de-trabalho","tag-mao-de-obra","tag-meus-dados","tag-salario"],"yoast_head":"<!-- This site is optimized with the Yoast SEO plugin v24.9 - https:\/\/yoast.com\/wordpress\/plugins\/seo\/ -->\n<title>Como alterar as configura\u00e7\u00f5es de trabalho no Calcularte<\/title>\n<meta name=\"description\" content=\"A qualquer momento voc\u00ea pode alterar as configura\u00e7\u00f5es de trabalho no Calcularte. Veja como \u00e9 simples nesse post.\" \/>\n<meta name=\"robots\" content=\"index, follow, max-snippet:-1, max-image-preview:large, max-video-preview:-1\" \/>\n<link rel=\"canonical\" href=\"https:\/\/blog.calcularte.com.br\/index.php\/2021\/01\/11\/alterar-as-configuracoes-de-trabalho\/\" \/>\n<meta property=\"og:locale\" content=\"pt_BR\" \/>\n<meta property=\"og:type\" content=\"article\" \/>\n<meta property=\"og:title\" content=\"Como alterar as configura\u00e7\u00f5es de trabalho no Calcularte\" \/>\n<meta property=\"og:description\" content=\"A qualquer momento voc\u00ea pode alterar as configura\u00e7\u00f5es de trabalho no Calcularte. Veja como \u00e9 simples nesse post.\" \/>\n<meta property=\"og:url\" content=\"https:\/\/blog.calcularte.com.br\/index.php\/2021\/01\/11\/alterar-as-configuracoes-de-trabalho\/\" \/>\n<meta property=\"og:site_name\" content=\"Blog do Calcularte\" \/>\n<meta property=\"article:publisher\" content=\"https:\/\/www.facebook.com\/calcularte\" \/>\n<meta property=\"article:published_time\" content=\"2021-01-11T11:00:00+00:00\" \/>\n<meta property=\"article:modified_time\" content=\"2021-01-11T13:30:13+00:00\" \/>\n<meta property=\"og:image\" content=\"https:\/\/blog.calcularte.com.br\/wp-content\/uploads\/2021\/01\/alterar-configuracoes-de-trabalho-calcularte.png\" \/>\n\t<meta property=\"og:image:width\" content=\"700\" \/>\n\t<meta property=\"og:image:height\" content=\"500\" \/>\n\t<meta property=\"og:image:type\" content=\"image\/png\" \/>\n<meta name=\"author\" content=\"Vanessa Longo\" \/>\n<meta name=\"twitter:card\" content=\"summary_large_image\" \/>\n<meta name=\"twitter:label1\" content=\"Escrito por\" \/>\n\t<meta name=\"twitter:data1\" content=\"Vanessa Longo\" \/>\n\t<meta name=\"twitter:label2\" content=\"Est. tempo de leitura\" \/>\n\t<meta name=\"twitter:data2\" content=\"4 minutos\" \/>\n<script type=\"application\/ld+json\" class=\"yoast-schema-graph\">{\"@context\":\"https:\/\/schema.org\",\"@graph\":[{\"@type\":\"Article\",\"@id\":\"https:\/\/blog.calcularte.com.br\/index.php\/2021\/01\/11\/alterar-as-configuracoes-de-trabalho\/#article\",\"isPartOf\":{\"@id\":\"https:\/\/blog.calcularte.com.br\/index.php\/2021\/01\/11\/alterar-as-configuracoes-de-trabalho\/\"},\"author\":{\"name\":\"Vanessa Longo\",\"@id\":\"https:\/\/blog.calcularte.com.br\/#\/schema\/person\/6820c52e9059420b1361c3eb567295a4\"},\"headline\":\"Como alterar as configura\u00e7\u00f5es de trabalho no Calcularte\",\"datePublished\":\"2021-01-11T11:00:00+00:00\",\"dateModified\":\"2021-01-11T13:30:13+00:00\",\"mainEntityOfPage\":{\"@id\":\"https:\/\/blog.calcularte.com.br\/index.php\/2021\/01\/11\/alterar-as-configuracoes-de-trabalho\/\"},\"wordCount\":887,\"commentCount\":0,\"publisher\":{\"@id\":\"https:\/\/blog.calcularte.com.br\/#organization\"},\"image\":{\"@id\":\"https:\/\/blog.calcularte.com.br\/index.php\/2021\/01\/11\/alterar-as-configuracoes-de-trabalho\/#primaryimage\"},\"thumbnailUrl\":\"https:\/\/blog.calcularte.com.br\/wp-content\/uploads\/2021\/01\/alterar-configuracoes-de-trabalho-calcularte.png\",\"keywords\":[\"calcularte\",\"configura\u00e7\u00f5es\",\"configuracoes de trabalho\",\"editar meus dados\",\"horas de trabalho\",\"m\u00e3o-de-obra\",\"meus dados\",\"salario\"],\"articleSection\":[\"Dicas Calcularte\",\"Precifica\u00e7\u00e3o\"],\"inLanguage\":\"pt-BR\",\"potentialAction\":[{\"@type\":\"CommentAction\",\"name\":\"Comment\",\"target\":[\"https:\/\/blog.calcularte.com.br\/index.php\/2021\/01\/11\/alterar-as-configuracoes-de-trabalho\/#respond\"]}]},{\"@type\":\"WebPage\",\"@id\":\"https:\/\/blog.calcularte.com.br\/index.php\/2021\/01\/11\/alterar-as-configuracoes-de-trabalho\/\",\"url\":\"https:\/\/blog.calcularte.com.br\/index.php\/2021\/01\/11\/alterar-as-configuracoes-de-trabalho\/\",\"name\":\"Como alterar as configura\u00e7\u00f5es de trabalho no Calcularte\",\"isPartOf\":{\"@id\":\"https:\/\/blog.calcularte.com.br\/#website\"},\"primaryImageOfPage\":{\"@id\":\"https:\/\/blog.calcularte.com.br\/index.php\/2021\/01\/11\/alterar-as-configuracoes-de-trabalho\/#primaryimage\"},\"image\":{\"@id\":\"https:\/\/blog.calcularte.com.br\/index.php\/2021\/01\/11\/alterar-as-configuracoes-de-trabalho\/#primaryimage\"},\"thumbnailUrl\":\"https:\/\/blog.calcularte.com.br\/wp-content\/uploads\/2021\/01\/alterar-configuracoes-de-trabalho-calcularte.png\",\"datePublished\":\"2021-01-11T11:00:00+00:00\",\"dateModified\":\"2021-01-11T13:30:13+00:00\",\"description\":\"A qualquer momento voc\u00ea pode alterar as configura\u00e7\u00f5es de trabalho no Calcularte. Veja como \u00e9 simples nesse post.\",\"breadcrumb\":{\"@id\":\"https:\/\/blog.calcularte.com.br\/index.php\/2021\/01\/11\/alterar-as-configuracoes-de-trabalho\/#breadcrumb\"},\"inLanguage\":\"pt-BR\",\"potentialAction\":[{\"@type\":\"ReadAction\",\"target\":[\"https:\/\/blog.calcularte.com.br\/index.php\/2021\/01\/11\/alterar-as-configuracoes-de-trabalho\/\"]}]},{\"@type\":\"ImageObject\",\"inLanguage\":\"pt-BR\",\"@id\":\"https:\/\/blog.calcularte.com.br\/index.php\/2021\/01\/11\/alterar-as-configuracoes-de-trabalho\/#primaryimage\",\"url\":\"https:\/\/blog.calcularte.com.br\/wp-content\/uploads\/2021\/01\/alterar-configuracoes-de-trabalho-calcularte.png\",\"contentUrl\":\"https:\/\/blog.calcularte.com.br\/wp-content\/uploads\/2021\/01\/alterar-configuracoes-de-trabalho-calcularte.png\",\"width\":700,\"height\":500,\"caption\":\"alterar-configuracoes-de-trabalho\"},{\"@type\":\"BreadcrumbList\",\"@id\":\"https:\/\/blog.calcularte.com.br\/index.php\/2021\/01\/11\/alterar-as-configuracoes-de-trabalho\/#breadcrumb\",\"itemListElement\":[{\"@type\":\"ListItem\",\"position\":1,\"name\":\"In\u00edcio\",\"item\":\"https:\/\/blog.calcularte.com.br\/\"},{\"@type\":\"ListItem\",\"position\":2,\"name\":\"Como alterar as configura\u00e7\u00f5es de trabalho no Calcularte\"}]},{\"@type\":\"WebSite\",\"@id\":\"https:\/\/blog.calcularte.com.br\/#website\",\"url\":\"https:\/\/blog.calcularte.com.br\/\",\"name\":\"Blog do Calcularte\",\"description\":\"Torne o seu neg\u00f3cio artesanal lucrativo\",\"publisher\":{\"@id\":\"https:\/\/blog.calcularte.com.br\/#organization\"},\"potentialAction\":[{\"@type\":\"SearchAction\",\"target\":{\"@type\":\"EntryPoint\",\"urlTemplate\":\"https:\/\/blog.calcularte.com.br\/?s={search_term_string}\"},\"query-input\":{\"@type\":\"PropertyValueSpecification\",\"valueRequired\":true,\"valueName\":\"search_term_string\"}}],\"inLanguage\":\"pt-BR\"},{\"@type\":\"Organization\",\"@id\":\"https:\/\/blog.calcularte.com.br\/#organization\",\"name\":\"Calcularte\",\"url\":\"https:\/\/blog.calcularte.com.br\/\",\"logo\":{\"@type\":\"ImageObject\",\"inLanguage\":\"pt-BR\",\"@id\":\"https:\/\/blog.calcularte.com.br\/#\/schema\/logo\/image\/\",\"url\":\"https:\/\/blog.calcularte.com.br\/wp-content\/uploads\/2020\/09\/logo.jpg\",\"contentUrl\":\"https:\/\/blog.calcularte.com.br\/wp-content\/uploads\/2020\/09\/logo.jpg\",\"width\":372,\"height\":157,\"caption\":\"Calcularte\"},\"image\":{\"@id\":\"https:\/\/blog.calcularte.com.br\/#\/schema\/logo\/image\/\"},\"sameAs\":[\"https:\/\/www.facebook.com\/calcularte\",\"https:\/\/www.instagram.com\/facebook\",\"https:\/\/www.youtube.com\/calculartebrasil\"]},{\"@type\":\"Person\",\"@id\":\"https:\/\/blog.calcularte.com.br\/#\/schema\/person\/6820c52e9059420b1361c3eb567295a4\",\"name\":\"Vanessa Longo\",\"image\":{\"@type\":\"ImageObject\",\"inLanguage\":\"pt-BR\",\"@id\":\"https:\/\/blog.calcularte.com.br\/#\/schema\/person\/image\/\",\"url\":\"https:\/\/secure.gravatar.com\/avatar\/952e3da2af0942ab85a1d687af968dc6023f1eedb5e18165ceca25254e277af5?s=96&d=wavatar&r=g\",\"contentUrl\":\"https:\/\/secure.gravatar.com\/avatar\/952e3da2af0942ab85a1d687af968dc6023f1eedb5e18165ceca25254e277af5?s=96&d=wavatar&r=g\",\"caption\":\"Vanessa Longo\"},\"description\":\"Publicit\u00e1ria de forma\u00e7\u00e3o, artes\u00e3 de cora\u00e7\u00e3o. F\u00e3 de empreendedorismo, especialmente de neg\u00f3cios criativos. J\u00e1 teve seu ateli\u00ea de papelaria personalizada e hoje se dedica de corpo e alma ao Calcularte!\",\"sameAs\":[\"https:\/\/blog.calcularte.com.br\/blog\"],\"url\":\"https:\/\/blog.calcularte.com.br\/index.php\/author\/vanessa\/\"}]}<\/script>\n<!-- \/ Yoast SEO plugin. -->","yoast_head_json":{"title":"Como alterar as configura\u00e7\u00f5es de trabalho no Calcularte","description":"A qualquer momento voc\u00ea pode alterar as configura\u00e7\u00f5es de trabalho no Calcularte. Veja como \u00e9 simples nesse post.","robots":{"index":"index","follow":"follow","max-snippet":"max-snippet:-1","max-image-preview":"max-image-preview:large","max-video-preview":"max-video-preview:-1"},"canonical":"https:\/\/blog.calcularte.com.br\/index.php\/2021\/01\/11\/alterar-as-configuracoes-de-trabalho\/","og_locale":"pt_BR","og_type":"article","og_title":"Como alterar as configura\u00e7\u00f5es de trabalho no Calcularte","og_description":"A qualquer momento voc\u00ea pode alterar as configura\u00e7\u00f5es de trabalho no Calcularte. Veja como \u00e9 simples nesse post.","og_url":"https:\/\/blog.calcularte.com.br\/index.php\/2021\/01\/11\/alterar-as-configuracoes-de-trabalho\/","og_site_name":"Blog do Calcularte","article_publisher":"https:\/\/www.facebook.com\/calcularte","article_published_time":"2021-01-11T11:00:00+00:00","article_modified_time":"2021-01-11T13:30:13+00:00","og_image":[{"width":700,"height":500,"url":"https:\/\/blog.calcularte.com.br\/wp-content\/uploads\/2021\/01\/alterar-configuracoes-de-trabalho-calcularte.png","type":"image\/png"}],"author":"Vanessa Longo","twitter_card":"summary_large_image","twitter_misc":{"Escrito por":"Vanessa Longo","Est. tempo de leitura":"4 minutos"},"schema":{"@context":"https:\/\/schema.org","@graph":[{"@type":"Article","@id":"https:\/\/blog.calcularte.com.br\/index.php\/2021\/01\/11\/alterar-as-configuracoes-de-trabalho\/#article","isPartOf":{"@id":"https:\/\/blog.calcularte.com.br\/index.php\/2021\/01\/11\/alterar-as-configuracoes-de-trabalho\/"},"author":{"name":"Vanessa Longo","@id":"https:\/\/blog.calcularte.com.br\/#\/schema\/person\/6820c52e9059420b1361c3eb567295a4"},"headline":"Como alterar as configura\u00e7\u00f5es de trabalho no Calcularte","datePublished":"2021-01-11T11:00:00+00:00","dateModified":"2021-01-11T13:30:13+00:00","mainEntityOfPage":{"@id":"https:\/\/blog.calcularte.com.br\/index.php\/2021\/01\/11\/alterar-as-configuracoes-de-trabalho\/"},"wordCount":887,"commentCount":0,"publisher":{"@id":"https:\/\/blog.calcularte.com.br\/#organization"},"image":{"@id":"https:\/\/blog.calcularte.com.br\/index.php\/2021\/01\/11\/alterar-as-configuracoes-de-trabalho\/#primaryimage"},"thumbnailUrl":"https:\/\/blog.calcularte.com.br\/wp-content\/uploads\/2021\/01\/alterar-configuracoes-de-trabalho-calcularte.png","keywords":["calcularte","configura\u00e7\u00f5es","configuracoes de trabalho","editar meus dados","horas de trabalho","m\u00e3o-de-obra","meus dados","salario"],"articleSection":["Dicas Calcularte","Precifica\u00e7\u00e3o"],"inLanguage":"pt-BR","potentialAction":[{"@type":"CommentAction","name":"Comment","target":["https:\/\/blog.calcularte.com.br\/index.php\/2021\/01\/11\/alterar-as-configuracoes-de-trabalho\/#respond"]}]},{"@type":"WebPage","@id":"https:\/\/blog.calcularte.com.br\/index.php\/2021\/01\/11\/alterar-as-configuracoes-de-trabalho\/","url":"https:\/\/blog.calcularte.com.br\/index.php\/2021\/01\/11\/alterar-as-configuracoes-de-trabalho\/","name":"Como alterar as configura\u00e7\u00f5es de trabalho no Calcularte","isPartOf":{"@id":"https:\/\/blog.calcularte.com.br\/#website"},"primaryImageOfPage":{"@id":"https:\/\/blog.calcularte.com.br\/index.php\/2021\/01\/11\/alterar-as-configuracoes-de-trabalho\/#primaryimage"},"image":{"@id":"https:\/\/blog.calcularte.com.br\/index.php\/2021\/01\/11\/alterar-as-configuracoes-de-trabalho\/#primaryimage"},"thumbnailUrl":"https:\/\/blog.calcularte.com.br\/wp-content\/uploads\/2021\/01\/alterar-configuracoes-de-trabalho-calcularte.png","datePublished":"2021-01-11T11:00:00+00:00","dateModified":"2021-01-11T13:30:13+00:00","description":"A qualquer momento voc\u00ea pode alterar as configura\u00e7\u00f5es de trabalho no Calcularte. Veja como \u00e9 simples nesse post.","breadcrumb":{"@id":"https:\/\/blog.calcularte.com.br\/index.php\/2021\/01\/11\/alterar-as-configuracoes-de-trabalho\/#breadcrumb"},"inLanguage":"pt-BR","potentialAction":[{"@type":"ReadAction","target":["https:\/\/blog.calcularte.com.br\/index.php\/2021\/01\/11\/alterar-as-configuracoes-de-trabalho\/"]}]},{"@type":"ImageObject","inLanguage":"pt-BR","@id":"https:\/\/blog.calcularte.com.br\/index.php\/2021\/01\/11\/alterar-as-configuracoes-de-trabalho\/#primaryimage","url":"https:\/\/blog.calcularte.com.br\/wp-content\/uploads\/2021\/01\/alterar-configuracoes-de-trabalho-calcularte.png","contentUrl":"https:\/\/blog.calcularte.com.br\/wp-content\/uploads\/2021\/01\/alterar-configuracoes-de-trabalho-calcularte.png","width":700,"height":500,"caption":"alterar-configuracoes-de-trabalho"},{"@type":"BreadcrumbList","@id":"https:\/\/blog.calcularte.com.br\/index.php\/2021\/01\/11\/alterar-as-configuracoes-de-trabalho\/#breadcrumb","itemListElement":[{"@type":"ListItem","position":1,"name":"In\u00edcio","item":"https:\/\/blog.calcularte.com.br\/"},{"@type":"ListItem","position":2,"name":"Como alterar as configura\u00e7\u00f5es de trabalho no Calcularte"}]},{"@type":"WebSite","@id":"https:\/\/blog.calcularte.com.br\/#website","url":"https:\/\/blog.calcularte.com.br\/","name":"Blog do Calcularte","description":"Torne o seu neg\u00f3cio artesanal lucrativo","publisher":{"@id":"https:\/\/blog.calcularte.com.br\/#organization"},"potentialAction":[{"@type":"SearchAction","target":{"@type":"EntryPoint","urlTemplate":"https:\/\/blog.calcularte.com.br\/?s={search_term_string}"},"query-input":{"@type":"PropertyValueSpecification","valueRequired":true,"valueName":"search_term_string"}}],"inLanguage":"pt-BR"},{"@type":"Organization","@id":"https:\/\/blog.calcularte.com.br\/#organization","name":"Calcularte","url":"https:\/\/blog.calcularte.com.br\/","logo":{"@type":"ImageObject","inLanguage":"pt-BR","@id":"https:\/\/blog.calcularte.com.br\/#\/schema\/logo\/image\/","url":"https:\/\/blog.calcularte.com.br\/wp-content\/uploads\/2020\/09\/logo.jpg","contentUrl":"https:\/\/blog.calcularte.com.br\/wp-content\/uploads\/2020\/09\/logo.jpg","width":372,"height":157,"caption":"Calcularte"},"image":{"@id":"https:\/\/blog.calcularte.com.br\/#\/schema\/logo\/image\/"},"sameAs":["https:\/\/www.facebook.com\/calcularte","https:\/\/www.instagram.com\/facebook","https:\/\/www.youtube.com\/calculartebrasil"]},{"@type":"Person","@id":"https:\/\/blog.calcularte.com.br\/#\/schema\/person\/6820c52e9059420b1361c3eb567295a4","name":"Vanessa Longo","image":{"@type":"ImageObject","inLanguage":"pt-BR","@id":"https:\/\/blog.calcularte.com.br\/#\/schema\/person\/image\/","url":"https:\/\/secure.gravatar.com\/avatar\/952e3da2af0942ab85a1d687af968dc6023f1eedb5e18165ceca25254e277af5?s=96&d=wavatar&r=g","contentUrl":"https:\/\/secure.gravatar.com\/avatar\/952e3da2af0942ab85a1d687af968dc6023f1eedb5e18165ceca25254e277af5?s=96&d=wavatar&r=g","caption":"Vanessa Longo"},"description":"Publicit\u00e1ria de forma\u00e7\u00e3o, artes\u00e3 de cora\u00e7\u00e3o. F\u00e3 de empreendedorismo, especialmente de neg\u00f3cios criativos. J\u00e1 teve seu ateli\u00ea de papelaria personalizada e hoje se dedica de corpo e alma ao Calcularte!","sameAs":["https:\/\/blog.calcularte.com.br\/blog"],"url":"https:\/\/blog.calcularte.com.br\/index.php\/author\/vanessa\/"}]}},"_links":{"self":[{"href":"https:\/\/blog.calcularte.com.br\/index.php\/wp-json\/wp\/v2\/posts\/358","targetHints":{"allow":["GET"]}}],"collection":[{"href":"https:\/\/blog.calcularte.com.br\/index.php\/wp-json\/wp\/v2\/posts"}],"about":[{"href":"https:\/\/blog.calcularte.com.br\/index.php\/wp-json\/wp\/v2\/types\/post"}],"author":[{"embeddable":true,"href":"https:\/\/blog.calcularte.com.br\/index.php\/wp-json\/wp\/v2\/users\/1"}],"replies":[{"embeddable":true,"href":"https:\/\/blog.calcularte.com.br\/index.php\/wp-json\/wp\/v2\/comments?post=358"}],"version-history":[{"count":4,"href":"https:\/\/blog.calcularte.com.br\/index.php\/wp-json\/wp\/v2\/posts\/358\/revisions"}],"predecessor-version":[{"id":368,"href":"https:\/\/blog.calcularte.com.br\/index.php\/wp-json\/wp\/v2\/posts\/358\/revisions\/368"}],"wp:featuredmedia":[{"embeddable":true,"href":"https:\/\/blog.calcularte.com.br\/index.php\/wp-json\/wp\/v2\/media\/364"}],"wp:attachment":[{"href":"https:\/\/blog.calcularte.com.br\/index.php\/wp-json\/wp\/v2\/media?parent=358"}],"wp:term":[{"taxonomy":"category","embeddable":true,"href":"https:\/\/blog.calcularte.com.br\/index.php\/wp-json\/wp\/v2\/categories?post=358"},{"taxonomy":"post_tag","embeddable":true,"href":"https:\/\/blog.calcularte.com.br\/index.php\/wp-json\/wp\/v2\/tags?post=358"}],"curies":[{"name":"wp","href":"https:\/\/api.w.org\/{rel}","templated":true}]}}