{"id":587,"date":"2021-07-19T12:19:20","date_gmt":"2021-07-19T15:19:20","guid":{"rendered":"https:\/\/blog.calcularte.com.br\/?p=587"},"modified":"2021-07-19T12:19:21","modified_gmt":"2021-07-19T15:19:21","slug":"vender-no-dia-dos-pais","status":"publish","type":"post","link":"https:\/\/blog.calcularte.com.br\/index.php\/2021\/07\/19\/vender-no-dia-dos-pais\/","title":{"rendered":"Ideias para vender no Dia dos Pais"},"content":{"rendered":"\n<div class=\"wp-block-image is-style-default\"><figure class=\"aligncenter size-large is-resized\"><img loading=\"lazy\" decoding=\"async\" src=\"https:\/\/blog.calcularte.com.br\/wp-content\/uploads\/2021\/07\/vender-mais-no-dia-dos-pais.jpg\" alt=\"vender-no-dia-dos-pais\" class=\"wp-image-602\" width=\"737\" height=\"369\" srcset=\"https:\/\/blog.calcularte.com.br\/wp-content\/uploads\/2021\/07\/vender-mais-no-dia-dos-pais.jpg 600w, https:\/\/blog.calcularte.com.br\/wp-content\/uploads\/2021\/07\/vender-mais-no-dia-dos-pais-300x150.jpg 300w\" sizes=\"auto, (max-width: 737px) 100vw, 737px\" \/><\/figure><\/div>\n\n\n\n<p>Quer sugest\u00f5es do que vender no Dia dos Pais e ainda dicas de como alavancar as suas vendas? Ent\u00e3o voc\u00ea est\u00e1 no lugar certo, pois nesse artigo vamos te ajudar com inspira\u00e7\u00f5es de produtos artesanais de v\u00e1rios nichos e contar algumas estrat\u00e9gias para voc\u00ea colocar em pr\u00e1tica desde j\u00e1.<\/p>\n\n\n\n<h4 class=\"wp-block-heading\">Quando \u00e9 o Dia dos Pais?<\/h4>\n\n\n\n<p>O Dia dos Pais \u00e9 comemorado no segundo domingo de agosto, assim em 2021 a data ser\u00e1 celebrada em 08 de agosto.<\/p>\n\n\n\n<h4 class=\"wp-block-heading\">Como se preparar para o Dia dos Pais?<\/h4>\n\n\n\n<p>N\u00e3o basta preparar alguns produtos voltados para os pais e coloc\u00e1-los \u00e0 venda em sua loja. Antes dessa etapa \u00e9 essencial que voc\u00ea se prepare para as vendas nesta data. Veja como:<\/p>\n\n\n\n<h4 class=\"wp-block-heading\">Perfil dos pais<\/h4>\n\n\n\n<p>O produto final ser\u00e1 usado por pais, ent\u00e3o comece pensando no perfil de pais que seus produtos podem atender, seja com a finalidade em si da pe\u00e7a como na possilidade de personaliz\u00e1-la. Por exemplo, muitos pais gostam de tomar caf\u00e9. Ent\u00e3o, se voc\u00ea trabalha com canecas personalizadas, poder\u00e1 personaliz\u00e1-las com este tema. Mas se esse tipo de produto n\u00e3o faz parte do seu portfolio, voc\u00ea pode pensar em personalizar as suas pe\u00e7as com a tem\u00e1tica de caf\u00e9, doces nesse sabor e assim por diante.<\/p>\n\n\n\n<p>Vamos dar algumas sugest\u00f5es de estilos e interesses de pais abaixo:<\/p>\n\n\n\n<ul class=\"wp-block-list\"><li>Esportistas<\/li><li>Workaholics<\/li><li>Churrasqueiros<\/li><li>Gamers<\/li><li>F\u00e3s de tecnologia<\/li><li>Apreciadores de cervejas artesanais<\/li><li>Apreciadores de vinhos<\/li><li>Butequeiros<\/li><li>Apaixonados por m\u00fasica<\/li><li>F\u00e3s de uma boa leitura<\/li><li>Geeks<\/li><\/ul>\n\n\n\n<p>Dessa forma, esse ser\u00e1 o seu ponto de partida: pensar em como combinar os seus produtos com os estilos e prefer\u00eancias dos papais.<\/p>\n\n\n\n<div style=\"height:20px\" aria-hidden=\"true\" class=\"wp-block-spacer\"><\/div>\n\n\n\n<h4 class=\"wp-block-heading\">Quem \u00e9 o seu p\u00fablico?<\/h4>\n\n\n\n<p>Voc\u00ea deve estar se perguntando &#8220;u\u00e9, mas n\u00e3o foi disso que falamos no t\u00f3pico anterior?&#8221; N\u00e3o. Os pais s\u00e3o os consumidores finais, mas quem vai comprar \u00e9 o seu verdadeiro p\u00fablico. Nesse caso s\u00e3o as m\u00e3es com filhos pequenos e os pr\u00f3prios filhos adultos. Ent\u00e3o toda a sua comunica\u00e7\u00e3o tem que ser voltada para esssas pessoas, que est\u00e3o procurando por um presente que seja a cara de seus pais. Entendeu a diferen\u00e7a?<\/p>\n\n\n\n<h4 class=\"wp-block-heading\">Produto pronto e agora?<\/h4>\n\n\n\n<p>Agora que voc\u00ea j\u00e1 definiu os produtos que vai vender no Dia dos Pais, voc\u00ea precisa precific\u00e1-los corretamente, pois se isso n\u00e3o for feito, voc\u00ea corre um risco enorme de trabalhar muito e n\u00e3o ganhar nada.<\/p>\n\n\n\n<p>Ent\u00e3o, fa\u00e7a um levantamento do custo e quantidade dos materiais que ser\u00e3o usados para produzir o produto e quanto tempo leva a confec\u00e7\u00e3o. Essas s\u00e3o informa\u00e7\u00f5es b\u00e1sicas que voc\u00ea sempre precisar\u00e1 ter.<\/p>\n\n\n\n<p>Al\u00e9m disso, voc\u00ea tamb\u00e9m precisar\u00e1 considerar outros custos na hora de calcular o pre\u00e7o de venda da sua pe\u00e7a. Mas isso explicamos<strong> <a href=\"https:\/\/blog.calcularte.com.br\/index.php\/2020\/10\/19\/calcular-o-preco-de-venda\/\" target=\"_blank\" rel=\"noreferrer noopener\">aqui nesse post<\/a><\/strong>.<\/p>\n\n\n\n<p class=\"has-light-green-cyan-background-color has-background\"><strong>E n\u00e3o se preocupe com os c\u00e1lculos, voc\u00ea n\u00e3o precisa quebrar a cabe\u00e7a com f\u00f3rmulas e planilhas, pois o <a href=\"http:\/\/www.calcularte.com.br?src=blogpais\" target=\"_blank\" rel=\"noreferrer noopener\">Calcularte<\/a> faz toda essa parte complicada automaticamente pra voc\u00ea.<\/strong><\/p>\n\n\n\n<p>Basta inserir alguns dados e o sistema te d\u00e1 o pre\u00e7o sugerido para voc\u00ea vender o seu produto com a seguran\u00e7a de que n\u00e3o ter\u00e1 preju\u00edzo. <strong>E voc\u00ea pode come\u00e7ar a fazer isso agora mesmo, depois de ler esse artigo corra para o <a rel=\"noreferrer noopener\" href=\"http:\/\/www.calcularte.com.br?src=blogpais\" target=\"_blank\">nosso site<\/a> para calcular o pre\u00e7o dos seus produtos gratuitamente.<\/strong><\/p>\n\n\n\n<p>Al\u00e9m da precifica\u00e7\u00e3o, voc\u00ea tamb\u00e9m deve preparar o visual da sua loja para o Dia dos Pais, criando um clima interessante para o cliente que est\u00e1 em busca de um presente para esta data. Isso pode ser feito em loja f\u00edsica, virtual e at\u00e9 mesmo no seu perfil das redes sociais, onde voc\u00ea pode colocar alguma cor ou detalhe que remeta \u00e0 data na foto de perfil\/capa.<\/p>\n\n\n\n<p>E por fim, um outro ponto importante \u00e9 aquecer a sua audi\u00eancia. Nas redes sociais voc\u00ea pode criar posts, stories, reels, falando sobre a import\u00e2ncia do v\u00ednculo pai &#8211; filho, de valorizar cada momento, refor\u00e7ando como \u00e9 bom poder prestar uma homenagem aos pais nessa data especial.<\/p>\n\n\n\n<div class=\"wp-block-image is-style-rounded\"><figure class=\"aligncenter size-large\"><img loading=\"lazy\" decoding=\"async\" width=\"600\" height=\"300\" src=\"https:\/\/blog.calcularte.com.br\/wp-content\/uploads\/2021\/07\/presente-dia-dos-pais.png\" alt=\"presente-dia-dos-pais\" class=\"wp-image-605\" srcset=\"https:\/\/blog.calcularte.com.br\/wp-content\/uploads\/2021\/07\/presente-dia-dos-pais.png 600w, https:\/\/blog.calcularte.com.br\/wp-content\/uploads\/2021\/07\/presente-dia-dos-pais-300x150.png 300w\" sizes=\"auto, (max-width: 600px) 100vw, 600px\" \/><\/figure><\/div>\n\n\n\n<h4 class=\"wp-block-heading\">Brindes, facilidades de pagamento e descontos:<\/h4>\n\n\n\n<p>Esses itens fazem os olhos dos clientes brilharem e s\u00e3o importantes para fechar a compra. Ofere\u00e7a flexibilidade no pagamento (como cart\u00e3o, boleto, parcelamento), desconto em compras maiores (aten\u00e7\u00e3o aqui: para saber quanto voc\u00ea pode dar de desconto, \u00e9 necess\u00e1rio precificar sua pe\u00e7a direitinho e a\u00ed voc\u00ea reduz do seu lucro o valor para oferecer de desconto) ou em alguns itens da loja (uma dica \u00e9 trabalhar com itens que est\u00e3o parados no estoque para elaborar as pe\u00e7as para essa data, assim voc\u00ea gira o estoque). <\/p>\n\n\n\n<p>Entretanto, lembre-se que \u00e9 muito seguro &#8211; e profissional &#8211; pedir um adiantamento da encomenda para evitar calote, ent\u00e3o n\u00e3o exagere na flexibilidade a ponto de se prejudicar.<\/p>\n\n\n\n<p>E, claro, todo mundo gosta de ganhar um brinde! Por isso, que tal oferecer um cart\u00e3o para acompanhar o presente, com dizeres bonitos e um layout bacana? Dessa forma voc\u00ea oferece um plus para o seu cliente, que muitas vezes n\u00e3o tem inspira\u00e7\u00e3o pra escrever um cart\u00e3o ou at\u00e9 esquece de compr\u00e1-lo.<\/p>\n\n\n\n<p>Al\u00e9m disso, vamos combinar que comodidade \u00e9 tudo, comprar o presente e j\u00e1 ter o cart\u00e3o \u00e9 pr\u00e1tico demais. Esse racioc\u00ednio tamb\u00e9m vale para as embalagens, se poss\u00edvel ofere\u00e7a o seu produto e a embalagem para presentar (claro, leve o custo da embalagem em considera\u00e7\u00e3o). <br><br>O cart\u00e3o \u00e9 uma ideia bacana de brinde, pois tem um custo super baixo e agrega valor ao presente. Voc\u00ea pode fazer a arte no <strong><a href=\"http:\/\/www.canva.com\" target=\"_blank\" rel=\"noreferrer noopener\">Canva<\/a><\/strong>, que \u00e9 uma ferramenta gratuita e f\u00e1cil de usar. Depois \u00e9 s\u00f3 imprimir em um papel com gramatura mais firme ou mandar imprimir em uma gr\u00e1fica r\u00e1pida. <\/p>\n\n\n\n<p>Mas lembre-se de que esses custos de brindes tamb\u00e9m devem ser considerados nas suas despesas, para diluir no pre\u00e7o dos produtos. Tudo que \u00e9 custo para a empresa precisa ser contabilizado.<\/p>\n\n\n\n<h4 class=\"wp-block-heading\">Presente de \u00faltima hora:<\/h4>\n\n\n\n<p>Sabemos que sempre tem os atrasadinhos, que deixam para comprar os presentes em cima da hora. Por isso, pense em alguns produtos que voc\u00ea possa ter \u00e0 pronta entrega para vender no Dia dos Pais. Considere pe\u00e7as f\u00e1ceis e r\u00e1pidas de fazer, assim voc\u00ea tamb\u00e9m pode produzir um produto com o prazo de entrega mais reduzido.<\/p>\n\n\n\n<h4 class=\"wp-block-heading\">Clareza na comunica\u00e7\u00e3o:<\/h4>\n\n\n\n<p>Deixe claro nos seus canais de venda as informa\u00e7\u00f5es b\u00e1sicas: de onde voc\u00ea \u00e9, sua \u00e1rea de entrega, se trabalha com delivery \/ postagem ou somente retirada, quais os canais de contato, quais as formas de pagamento, como fazer a compra, se tem valor m\u00ednimo, se o produto \u00e9 por encomenda e, nesse caso, at\u00e9 quando voc\u00ea vai aceitar pedidos para o Dia dos Pais.<\/p>\n\n\n\n<p>E claro, esteja dispon\u00edvel para atender os clientes dentro do hor\u00e1rio de atendimento divulgado, sempre o mais r\u00e1pido poss\u00edvel.<\/p>\n\n\n\n<h4 class=\"wp-block-heading\">Ideias de produtos para vender no Dia dos Pais<\/h4>\n\n\n\n<p>Separamos algumas ideias para voc\u00ea se inspirar e criar o seu portfolio de produtos para vender no Dia dos Pais. Vem ver quanta coisa bacana:<\/p>\n\n\n\n<h4 class=\"wp-block-heading\">Kits de papelaria para os pais:<\/h4>\n\n\n\n<p>Voc\u00ea pode montar seu kit com v\u00e1rios itens diferentes e personaliz\u00e1-los, como no exemplo abaixo, que tem at\u00e9 o molde gr\u00e1tis:<\/p>\n\n\n\n<div class=\"wp-block-image\"><figure class=\"aligncenter size-large is-resized\"><a href=\"https:\/\/br.pinterest.com\/pin\/1007610116600117326\/\" target=\"_blank\" rel=\"noopener noreferrer\"><img loading=\"lazy\" decoding=\"async\" src=\"https:\/\/blog.calcularte.com.br\/wp-content\/uploads\/2021\/07\/kit-personalizado-dia-dos-pais.jpg\" alt=\"kit-personalizado-dia-dos-pais\" class=\"wp-image-589\" width=\"572\" height=\"749\" srcset=\"https:\/\/blog.calcularte.com.br\/wp-content\/uploads\/2021\/07\/kit-personalizado-dia-dos-pais.jpg 763w, https:\/\/blog.calcularte.com.br\/wp-content\/uploads\/2021\/07\/kit-personalizado-dia-dos-pais-229x300.jpg 229w\" sizes=\"auto, (max-width: 572px) 100vw, 572px\" \/><\/a><figcaption>Kit super especial &#8211; <strong><em>Fonte: <a href=\"https:\/\/br.pinterest.com\/pin\/1007610116600117326\/\" target=\"_blank\" rel=\"noreferrer noopener\">Pinterest<\/a><\/em><\/strong><\/figcaption><\/figure><\/div>\n\n\n\n<h4 class=\"wp-block-heading\">Canecas personalizadas<\/h4>\n\n\n\n<p>As canecas podem ser feitas por sublima\u00e7\u00e3o ou at\u00e9 mesmo com canetas espec\u00edficas, onde voc\u00ea desenha direto na caneca:<\/p>\n\n\n\n<div class=\"wp-block-image\"><figure class=\"aligncenter size-large is-resized\"><img loading=\"lazy\" decoding=\"async\" src=\"https:\/\/blog.calcularte.com.br\/wp-content\/uploads\/2021\/07\/caneca-dia-dos-pais-794x1024.png\" alt=\"caneca-dia-dos-pais\" class=\"wp-image-590\" width=\"596\" height=\"768\" srcset=\"https:\/\/blog.calcularte.com.br\/wp-content\/uploads\/2021\/07\/caneca-dia-dos-pais-794x1024.png 794w, https:\/\/blog.calcularte.com.br\/wp-content\/uploads\/2021\/07\/caneca-dia-dos-pais-233x300.png 233w, https:\/\/blog.calcularte.com.br\/wp-content\/uploads\/2021\/07\/caneca-dia-dos-pais-768x990.png 768w, https:\/\/blog.calcularte.com.br\/wp-content\/uploads\/2021\/07\/caneca-dia-dos-pais.png 1016w\" sizes=\"auto, (max-width: 596px) 100vw, 596px\" \/><figcaption>Canecas personalizadas s\u00e3o \u00f3timos presentes &#8211; <strong><em><a href=\"https:\/\/pin.it\/7onQAvl\" target=\"_blank\" rel=\"noreferrer noopener\">Fonte: Pinterest<\/a><\/em><\/strong><\/figcaption><\/figure><\/div>\n\n\n\n<h4 class=\"wp-block-heading\">Festa na caixa, kits e cestas para o Dia dos Pais:<\/h4>\n\n\n\n<p>Nessa op\u00e7\u00e3o voc\u00ea pode soltar a sua imagina\u00e7\u00e3o para criar um kit com produtos do seu nicho para o Dia dos Pais. Ele pode ser em formato de cesta, caixas especiais, festa na caixa, etc. Al\u00e9m disso \u00e9 poss\u00edvel criar kits para todos os bolsos e gostos.<\/p>\n\n\n\n<div class=\"wp-block-image\"><figure class=\"aligncenter size-large is-resized\"><img loading=\"lazy\" decoding=\"async\" src=\"https:\/\/blog.calcularte.com.br\/wp-content\/uploads\/2021\/07\/cesta-pais-1.jpg\" alt=\"cesta-pais\" class=\"wp-image-592\" width=\"674\" height=\"675\" srcset=\"https:\/\/blog.calcularte.com.br\/wp-content\/uploads\/2021\/07\/cesta-pais-1.jpg 899w, https:\/\/blog.calcularte.com.br\/wp-content\/uploads\/2021\/07\/cesta-pais-1-300x300.jpg 300w, https:\/\/blog.calcularte.com.br\/wp-content\/uploads\/2021\/07\/cesta-pais-1-150x150.jpg 150w, https:\/\/blog.calcularte.com.br\/wp-content\/uploads\/2021\/07\/cesta-pais-1-768x769.jpg 768w, https:\/\/blog.calcularte.com.br\/wp-content\/uploads\/2021\/07\/cesta-pais-1-80x80.jpg 80w, https:\/\/blog.calcularte.com.br\/wp-content\/uploads\/2021\/07\/cesta-pais-1-320x320.jpg 320w\" sizes=\"auto, (max-width: 674px) 100vw, 674px\" \/><figcaption>Uma cesta para mimar o papai &#8211; <strong><em><a href=\"https:\/\/br.pinterest.com\/pin\/1007610116600117392\/\" target=\"_blank\" rel=\"noreferrer noopener\">Fonte: Pinterest<\/a><\/em><\/strong><\/figcaption><\/figure><\/div>\n\n\n\n<div class=\"wp-block-image\"><figure class=\"alignright size-large is-resized\"><img loading=\"lazy\" decoding=\"async\" src=\"https:\/\/blog.calcularte.com.br\/wp-content\/uploads\/2021\/07\/cafe-da-manha-dia-dos-pais.jpg\" alt=\"cafe-da-manha-dia-dos-pais\" class=\"wp-image-595\" width=\"401\" height=\"366\" srcset=\"https:\/\/blog.calcularte.com.br\/wp-content\/uploads\/2021\/07\/cafe-da-manha-dia-dos-pais.jpg 564w, https:\/\/blog.calcularte.com.br\/wp-content\/uploads\/2021\/07\/cafe-da-manha-dia-dos-pais-300x273.jpg 300w\" sizes=\"auto, (max-width: 401px) 100vw, 401px\" \/><figcaption><strong><em><a rel=\"noreferrer noopener\" href=\"https:\/\/br.pinterest.com\/pin\/1007610116600118105\/\" target=\"_blank\">Caf\u00e9 da manh\u00e3 personalizado &#8211;<\/a><a rel=\"noreferrer noopener\" href=\"https:\/\/br.pinterest.com\/pin\/1007610116600118105\/\" target=\"_blank\"> <\/a><a rel=\"noreferrer noopener\" href=\"https:\/\/br.pinterest.com\/pin\/1007610116600118105\/\" target=\"_blank\">Fonte: Pinterest<\/a><\/em><\/strong><\/figcaption><\/figure><\/div>\n\n\n\n<div class=\"wp-block-image\"><figure class=\"alignleft size-large is-resized\"><img loading=\"lazy\" decoding=\"async\" src=\"https:\/\/blog.calcularte.com.br\/wp-content\/uploads\/2021\/07\/boteco-do-paizao-343x1024.jpg\" alt=\"boteco-do-paizao\" class=\"wp-image-594\" width=\"257\" height=\"768\" srcset=\"https:\/\/blog.calcularte.com.br\/wp-content\/uploads\/2021\/07\/boteco-do-paizao-343x1024.jpg 343w, https:\/\/blog.calcularte.com.br\/wp-content\/uploads\/2021\/07\/boteco-do-paizao-100x300.jpg 100w, https:\/\/blog.calcularte.com.br\/wp-content\/uploads\/2021\/07\/boteco-do-paizao-514x1536.jpg 514w, https:\/\/blog.calcularte.com.br\/wp-content\/uploads\/2021\/07\/boteco-do-paizao.jpg 564w\" sizes=\"auto, (max-width: 257px) 100vw, 257px\" \/><figcaption>Kit boteco &#8211; <strong><em><a href=\"https:\/\/br.pinterest.com\/pin\/415457134377576542\/\" target=\"_blank\" rel=\"noreferrer noopener\">Fonte: Pinterest<\/a><\/em><\/strong><\/figcaption><\/figure><\/div>\n\n\n\n<div class=\"wp-block-image\"><figure class=\"alignright size-large is-resized\"><img loading=\"lazy\" decoding=\"async\" src=\"https:\/\/blog.calcularte.com.br\/wp-content\/uploads\/2021\/07\/kit-cerveja-pais.jpg\" alt=\"kit-cerveja-pais\" class=\"wp-image-593\" width=\"346\" height=\"336\"\/><figcaption>Kit petiscos &#8211; <strong><em><a href=\"https:\/\/br.pinterest.com\/pin\/1007610116600067230\/\" target=\"_blank\" rel=\"noreferrer noopener\">Fonte: Pinterest<\/a><\/em><\/strong><\/figcaption><\/figure><\/div>\n\n\n\n<div class=\"wp-block-image\"><figure class=\"alignleft size-large is-resized\"><img loading=\"lazy\" decoding=\"async\" src=\"https:\/\/blog.calcularte.com.br\/wp-content\/uploads\/2021\/07\/biscuitos-dia-dos-pais.jpg\" alt=\"biscoitos-dia-dos-pais\" class=\"wp-image-596\" width=\"329\" height=\"329\" srcset=\"https:\/\/blog.calcularte.com.br\/wp-content\/uploads\/2021\/07\/biscuitos-dia-dos-pais.jpg 564w, https:\/\/blog.calcularte.com.br\/wp-content\/uploads\/2021\/07\/biscuitos-dia-dos-pais-300x300.jpg 300w, https:\/\/blog.calcularte.com.br\/wp-content\/uploads\/2021\/07\/biscuitos-dia-dos-pais-150x150.jpg 150w, https:\/\/blog.calcularte.com.br\/wp-content\/uploads\/2021\/07\/biscuitos-dia-dos-pais-80x80.jpg 80w, https:\/\/blog.calcularte.com.br\/wp-content\/uploads\/2021\/07\/biscuitos-dia-dos-pais-320x320.jpg 320w\" sizes=\"auto, (max-width: 329px) 100vw, 329px\" \/><figcaption>Biscoitos decorados: <strong><em><a href=\"https:\/\/br.pinterest.com\/pin\/1007610116600117365\/\" target=\"_blank\" rel=\"noreferrer noopener\">Fonte: Pinterest<\/a><\/em><\/strong><\/figcaption><\/figure><\/div>\n\n\n\n<div class=\"wp-block-image\"><figure class=\"alignright size-large is-resized\"><img loading=\"lazy\" decoding=\"async\" src=\"https:\/\/blog.calcularte.com.br\/wp-content\/uploads\/2021\/07\/kit-sabonete.jpg\" alt=\"sabonetes-para-homens\" class=\"wp-image-597\" width=\"285\" height=\"356\" srcset=\"https:\/\/blog.calcularte.com.br\/wp-content\/uploads\/2021\/07\/kit-sabonete.jpg 564w, https:\/\/blog.calcularte.com.br\/wp-content\/uploads\/2021\/07\/kit-sabonete-240x300.jpg 240w\" sizes=\"auto, (max-width: 285px) 100vw, 285px\" \/><figcaption><strong><em><a href=\"https:\/\/br.pinterest.com\/pin\/1007610116600117231\/\" target=\"_blank\" rel=\"noreferrer noopener\">Os pais tamb\u00e9m gostam de se cuidar &#8211; Fonte: Pinterest<\/a><\/em><\/strong><\/figcaption><\/figure><\/div>\n\n\n\n<div class=\"wp-block-image\"><figure class=\"alignleft size-large is-resized\"><img loading=\"lazy\" decoding=\"async\" src=\"https:\/\/blog.calcularte.com.br\/wp-content\/uploads\/2021\/07\/pai-gamer.jpg\" alt=\"papai-gamer\" class=\"wp-image-598\" width=\"333\" height=\"382\" srcset=\"https:\/\/blog.calcularte.com.br\/wp-content\/uploads\/2021\/07\/pai-gamer.jpg 564w, https:\/\/blog.calcularte.com.br\/wp-content\/uploads\/2021\/07\/pai-gamer-262x300.jpg 262w\" sizes=\"auto, (max-width: 333px) 100vw, 333px\" \/><figcaption><strong><em><a href=\"https:\/\/br.pinterest.com\/pin\/1007610116600117273\/\" target=\"_blank\" rel=\"noreferrer noopener\">Papai gamer &#8211; Fonte: Pinterest<\/a><\/em><\/strong><\/figcaption><\/figure><\/div>\n\n\n\n<div class=\"wp-block-image\"><figure class=\"alignright size-large is-resized\"><img loading=\"lazy\" decoding=\"async\" src=\"https:\/\/blog.calcularte.com.br\/wp-content\/uploads\/2021\/07\/festa-na-caixa-pai.jpg\" alt=\"festa-na-caixa-pai\" class=\"wp-image-599\" width=\"285\" height=\"356\" srcset=\"https:\/\/blog.calcularte.com.br\/wp-content\/uploads\/2021\/07\/festa-na-caixa-pai.jpg 564w, https:\/\/blog.calcularte.com.br\/wp-content\/uploads\/2021\/07\/festa-na-caixa-pai-240x300.jpg 240w\" sizes=\"auto, (max-width: 285px) 100vw, 285px\" \/><figcaption><strong><em><a href=\"https:\/\/br.pinterest.com\/pin\/1007610116600117281\/\" target=\"_blank\" rel=\"noreferrer noopener\">Festa na Caixa &#8211; Fonte: Pinterest<\/a><\/em><\/strong><\/figcaption><\/figure><\/div>\n\n\n\n<div style=\"height:44px\" aria-hidden=\"true\" class=\"wp-block-spacer\"><\/div>\n\n\n\n<h4 class=\"wp-block-heading\">Quer mais dicas?<\/h4>\n\n\n\n<p>Gostou dessas ideias para vender no Dia dos Pais? Se voc\u00ea quiser mais op\u00e7\u00f5es, <strong>n\u00f3s separamos uma pasta exclusiva para essa data em nosso perfil do Pinterest<\/strong>. Ela est\u00e1 recheada de presentes legais pra te ajudar! E por l\u00e1 voc\u00ea vai encontrar tamb\u00e9m moldes, imagens para imprimir, inspira\u00e7\u00f5es e muito mais para vender muito nesse Dia dos Pais!! <\/p>\n\n\n\n<p><strong><a href=\"https:\/\/br.pinterest.com\/calcularte\/ideias-dia-dos-pais\/\" target=\"_blank\" rel=\"noreferrer noopener\">Confira aqui nossa sele\u00e7\u00e3o para o Dia dos Pais no Pinterest<\/a><\/strong> <strong>e aproveite tamb\u00e9m para seguir o Calcularte por l\u00e1, pois temos muitas dicas pra voc\u00ea!<\/strong><\/p>\n","protected":false},"excerpt":{"rendered":"<p>Quer sugest\u00f5es do que vender no Dia dos Pais e ainda dicas de como alavancar as suas vendas? Ent\u00e3o voc\u00ea est\u00e1 no lugar certo, pois nesse artigo vamos te ajudar com inspira\u00e7\u00f5es de produtos&#46;&#46;&#46;<\/p>\n","protected":false},"author":1,"featured_media":602,"comment_status":"open","ping_status":"open","sticky":false,"template":"","format":"standard","meta":{"footnotes":""},"categories":[3,5],"tags":[320,319,314,321,318,215,317,322,244,315],"class_list":["post-587","post","type-post","status-publish","format-standard","has-post-thumbnail","hentry","category-empreendedorismo","category-tecnicas","tag-como-lucrar-mais","tag-como-vender-mais","tag-dia-dos-pais","tag-ideias-dia-dos-pais","tag-ideias-lucrativas","tag-inspiracao","tag-lucrativo","tag-o-que-vender-no-dia-dos-pais","tag-vender-mais","tag-vender-no-dia-dos-pais"],"yoast_head":"<!-- This site is optimized with the Yoast SEO plugin v24.9 - https:\/\/yoast.com\/wordpress\/plugins\/seo\/ -->\n<title>Ideias para vender no Dia dos Pais &#8211; Blog do Calcularte | 2021<\/title>\n<meta name=\"description\" content=\"Confira ideias de presentes para vender no Dia dos Pais, al\u00e9m de dicas de como vender mais nessa data. Presentes artesanais para voc\u00ea vender.\" \/>\n<meta name=\"robots\" content=\"index, follow, max-snippet:-1, max-image-preview:large, max-video-preview:-1\" \/>\n<link rel=\"canonical\" href=\"https:\/\/blog.calcularte.com.br\/index.php\/2021\/07\/19\/vender-no-dia-dos-pais\/\" \/>\n<meta property=\"og:locale\" content=\"pt_BR\" \/>\n<meta property=\"og:type\" content=\"article\" \/>\n<meta property=\"og:title\" content=\"Ideias para vender no Dia dos Pais &#8211; Blog do Calcularte | 2021\" \/>\n<meta property=\"og:description\" content=\"Confira ideias de presentes para vender no Dia dos Pais, al\u00e9m de dicas de como vender mais nessa data. Presentes artesanais para voc\u00ea vender.\" \/>\n<meta property=\"og:url\" content=\"https:\/\/blog.calcularte.com.br\/index.php\/2021\/07\/19\/vender-no-dia-dos-pais\/\" \/>\n<meta property=\"og:site_name\" content=\"Blog do Calcularte\" \/>\n<meta property=\"article:publisher\" content=\"https:\/\/www.facebook.com\/calcularte\" \/>\n<meta property=\"article:published_time\" content=\"2021-07-19T15:19:20+00:00\" \/>\n<meta property=\"article:modified_time\" content=\"2021-07-19T15:19:21+00:00\" \/>\n<meta property=\"og:image\" content=\"https:\/\/blog.calcularte.com.br\/wp-content\/uploads\/2021\/07\/vender-mais-no-dia-dos-pais.jpg\" \/>\n\t<meta property=\"og:image:width\" content=\"600\" \/>\n\t<meta property=\"og:image:height\" content=\"300\" \/>\n\t<meta property=\"og:image:type\" content=\"image\/jpeg\" \/>\n<meta name=\"author\" content=\"Vanessa Longo\" \/>\n<meta name=\"twitter:card\" content=\"summary_large_image\" \/>\n<meta name=\"twitter:label1\" content=\"Escrito por\" \/>\n\t<meta name=\"twitter:data1\" content=\"Vanessa Longo\" \/>\n\t<meta name=\"twitter:label2\" content=\"Est. tempo de leitura\" \/>\n\t<meta name=\"twitter:data2\" content=\"7 minutos\" \/>\n<script type=\"application\/ld+json\" class=\"yoast-schema-graph\">{\"@context\":\"https:\/\/schema.org\",\"@graph\":[{\"@type\":\"Article\",\"@id\":\"https:\/\/blog.calcularte.com.br\/index.php\/2021\/07\/19\/vender-no-dia-dos-pais\/#article\",\"isPartOf\":{\"@id\":\"https:\/\/blog.calcularte.com.br\/index.php\/2021\/07\/19\/vender-no-dia-dos-pais\/\"},\"author\":{\"name\":\"Vanessa Longo\",\"@id\":\"https:\/\/blog.calcularte.com.br\/#\/schema\/person\/6820c52e9059420b1361c3eb567295a4\"},\"headline\":\"Ideias para vender no Dia dos Pais\",\"datePublished\":\"2021-07-19T15:19:20+00:00\",\"dateModified\":\"2021-07-19T15:19:21+00:00\",\"mainEntityOfPage\":{\"@id\":\"https:\/\/blog.calcularte.com.br\/index.php\/2021\/07\/19\/vender-no-dia-dos-pais\/\"},\"wordCount\":1478,\"commentCount\":0,\"publisher\":{\"@id\":\"https:\/\/blog.calcularte.com.br\/#organization\"},\"image\":{\"@id\":\"https:\/\/blog.calcularte.com.br\/index.php\/2021\/07\/19\/vender-no-dia-dos-pais\/#primaryimage\"},\"thumbnailUrl\":\"https:\/\/blog.calcularte.com.br\/wp-content\/uploads\/2021\/07\/vender-mais-no-dia-dos-pais.jpg\",\"keywords\":[\"como lucrar mais\",\"como vender mais\",\"dia dos pais\",\"ideias dia dos pais\",\"ideias lucrativas\",\"inspira\u00e7\u00e3o\",\"lucrativo\",\"o que vender no dia dos pais\",\"vender mais\",\"vender no dia dos pais\"],\"articleSection\":[\"Empreendedorismo\",\"T\u00e9cnicas\"],\"inLanguage\":\"pt-BR\",\"potentialAction\":[{\"@type\":\"CommentAction\",\"name\":\"Comment\",\"target\":[\"https:\/\/blog.calcularte.com.br\/index.php\/2021\/07\/19\/vender-no-dia-dos-pais\/#respond\"]}]},{\"@type\":\"WebPage\",\"@id\":\"https:\/\/blog.calcularte.com.br\/index.php\/2021\/07\/19\/vender-no-dia-dos-pais\/\",\"url\":\"https:\/\/blog.calcularte.com.br\/index.php\/2021\/07\/19\/vender-no-dia-dos-pais\/\",\"name\":\"Ideias para vender no Dia dos Pais &#8211; Blog do Calcularte | 2021\",\"isPartOf\":{\"@id\":\"https:\/\/blog.calcularte.com.br\/#website\"},\"primaryImageOfPage\":{\"@id\":\"https:\/\/blog.calcularte.com.br\/index.php\/2021\/07\/19\/vender-no-dia-dos-pais\/#primaryimage\"},\"image\":{\"@id\":\"https:\/\/blog.calcularte.com.br\/index.php\/2021\/07\/19\/vender-no-dia-dos-pais\/#primaryimage\"},\"thumbnailUrl\":\"https:\/\/blog.calcularte.com.br\/wp-content\/uploads\/2021\/07\/vender-mais-no-dia-dos-pais.jpg\",\"datePublished\":\"2021-07-19T15:19:20+00:00\",\"dateModified\":\"2021-07-19T15:19:21+00:00\",\"description\":\"Confira ideias de presentes para vender no Dia dos Pais, al\u00e9m de dicas de como vender mais nessa data. Presentes artesanais para voc\u00ea vender.\",\"breadcrumb\":{\"@id\":\"https:\/\/blog.calcularte.com.br\/index.php\/2021\/07\/19\/vender-no-dia-dos-pais\/#breadcrumb\"},\"inLanguage\":\"pt-BR\",\"potentialAction\":[{\"@type\":\"ReadAction\",\"target\":[\"https:\/\/blog.calcularte.com.br\/index.php\/2021\/07\/19\/vender-no-dia-dos-pais\/\"]}]},{\"@type\":\"ImageObject\",\"inLanguage\":\"pt-BR\",\"@id\":\"https:\/\/blog.calcularte.com.br\/index.php\/2021\/07\/19\/vender-no-dia-dos-pais\/#primaryimage\",\"url\":\"https:\/\/blog.calcularte.com.br\/wp-content\/uploads\/2021\/07\/vender-mais-no-dia-dos-pais.jpg\",\"contentUrl\":\"https:\/\/blog.calcularte.com.br\/wp-content\/uploads\/2021\/07\/vender-mais-no-dia-dos-pais.jpg\",\"width\":600,\"height\":300,\"caption\":\"vender-no-dia-dos-pais\"},{\"@type\":\"BreadcrumbList\",\"@id\":\"https:\/\/blog.calcularte.com.br\/index.php\/2021\/07\/19\/vender-no-dia-dos-pais\/#breadcrumb\",\"itemListElement\":[{\"@type\":\"ListItem\",\"position\":1,\"name\":\"In\u00edcio\",\"item\":\"https:\/\/blog.calcularte.com.br\/\"},{\"@type\":\"ListItem\",\"position\":2,\"name\":\"Ideias para vender no Dia dos Pais\"}]},{\"@type\":\"WebSite\",\"@id\":\"https:\/\/blog.calcularte.com.br\/#website\",\"url\":\"https:\/\/blog.calcularte.com.br\/\",\"name\":\"Blog do Calcularte\",\"description\":\"Torne o seu neg\u00f3cio artesanal lucrativo\",\"publisher\":{\"@id\":\"https:\/\/blog.calcularte.com.br\/#organization\"},\"potentialAction\":[{\"@type\":\"SearchAction\",\"target\":{\"@type\":\"EntryPoint\",\"urlTemplate\":\"https:\/\/blog.calcularte.com.br\/?s={search_term_string}\"},\"query-input\":{\"@type\":\"PropertyValueSpecification\",\"valueRequired\":true,\"valueName\":\"search_term_string\"}}],\"inLanguage\":\"pt-BR\"},{\"@type\":\"Organization\",\"@id\":\"https:\/\/blog.calcularte.com.br\/#organization\",\"name\":\"Calcularte\",\"url\":\"https:\/\/blog.calcularte.com.br\/\",\"logo\":{\"@type\":\"ImageObject\",\"inLanguage\":\"pt-BR\",\"@id\":\"https:\/\/blog.calcularte.com.br\/#\/schema\/logo\/image\/\",\"url\":\"https:\/\/blog.calcularte.com.br\/wp-content\/uploads\/2020\/09\/logo.jpg\",\"contentUrl\":\"https:\/\/blog.calcularte.com.br\/wp-content\/uploads\/2020\/09\/logo.jpg\",\"width\":372,\"height\":157,\"caption\":\"Calcularte\"},\"image\":{\"@id\":\"https:\/\/blog.calcularte.com.br\/#\/schema\/logo\/image\/\"},\"sameAs\":[\"https:\/\/www.facebook.com\/calcularte\",\"https:\/\/www.instagram.com\/facebook\",\"https:\/\/www.youtube.com\/calculartebrasil\"]},{\"@type\":\"Person\",\"@id\":\"https:\/\/blog.calcularte.com.br\/#\/schema\/person\/6820c52e9059420b1361c3eb567295a4\",\"name\":\"Vanessa Longo\",\"image\":{\"@type\":\"ImageObject\",\"inLanguage\":\"pt-BR\",\"@id\":\"https:\/\/blog.calcularte.com.br\/#\/schema\/person\/image\/\",\"url\":\"https:\/\/secure.gravatar.com\/avatar\/952e3da2af0942ab85a1d687af968dc6023f1eedb5e18165ceca25254e277af5?s=96&d=wavatar&r=g\",\"contentUrl\":\"https:\/\/secure.gravatar.com\/avatar\/952e3da2af0942ab85a1d687af968dc6023f1eedb5e18165ceca25254e277af5?s=96&d=wavatar&r=g\",\"caption\":\"Vanessa Longo\"},\"description\":\"Publicit\u00e1ria de forma\u00e7\u00e3o, artes\u00e3 de cora\u00e7\u00e3o. F\u00e3 de empreendedorismo, especialmente de neg\u00f3cios criativos. J\u00e1 teve seu ateli\u00ea de papelaria personalizada e hoje se dedica de corpo e alma ao Calcularte!\",\"sameAs\":[\"https:\/\/blog.calcularte.com.br\/blog\"],\"url\":\"https:\/\/blog.calcularte.com.br\/index.php\/author\/vanessa\/\"}]}<\/script>\n<!-- \/ Yoast SEO plugin. -->","yoast_head_json":{"title":"Ideias para vender no Dia dos Pais &#8211; Blog do Calcularte | 2021","description":"Confira ideias de presentes para vender no Dia dos Pais, al\u00e9m de dicas de como vender mais nessa data. Presentes artesanais para voc\u00ea vender.","robots":{"index":"index","follow":"follow","max-snippet":"max-snippet:-1","max-image-preview":"max-image-preview:large","max-video-preview":"max-video-preview:-1"},"canonical":"https:\/\/blog.calcularte.com.br\/index.php\/2021\/07\/19\/vender-no-dia-dos-pais\/","og_locale":"pt_BR","og_type":"article","og_title":"Ideias para vender no Dia dos Pais &#8211; Blog do Calcularte | 2021","og_description":"Confira ideias de presentes para vender no Dia dos Pais, al\u00e9m de dicas de como vender mais nessa data. Presentes artesanais para voc\u00ea vender.","og_url":"https:\/\/blog.calcularte.com.br\/index.php\/2021\/07\/19\/vender-no-dia-dos-pais\/","og_site_name":"Blog do Calcularte","article_publisher":"https:\/\/www.facebook.com\/calcularte","article_published_time":"2021-07-19T15:19:20+00:00","article_modified_time":"2021-07-19T15:19:21+00:00","og_image":[{"width":600,"height":300,"url":"https:\/\/blog.calcularte.com.br\/wp-content\/uploads\/2021\/07\/vender-mais-no-dia-dos-pais.jpg","type":"image\/jpeg"}],"author":"Vanessa Longo","twitter_card":"summary_large_image","twitter_misc":{"Escrito por":"Vanessa Longo","Est. tempo de leitura":"7 minutos"},"schema":{"@context":"https:\/\/schema.org","@graph":[{"@type":"Article","@id":"https:\/\/blog.calcularte.com.br\/index.php\/2021\/07\/19\/vender-no-dia-dos-pais\/#article","isPartOf":{"@id":"https:\/\/blog.calcularte.com.br\/index.php\/2021\/07\/19\/vender-no-dia-dos-pais\/"},"author":{"name":"Vanessa Longo","@id":"https:\/\/blog.calcularte.com.br\/#\/schema\/person\/6820c52e9059420b1361c3eb567295a4"},"headline":"Ideias para vender no Dia dos Pais","datePublished":"2021-07-19T15:19:20+00:00","dateModified":"2021-07-19T15:19:21+00:00","mainEntityOfPage":{"@id":"https:\/\/blog.calcularte.com.br\/index.php\/2021\/07\/19\/vender-no-dia-dos-pais\/"},"wordCount":1478,"commentCount":0,"publisher":{"@id":"https:\/\/blog.calcularte.com.br\/#organization"},"image":{"@id":"https:\/\/blog.calcularte.com.br\/index.php\/2021\/07\/19\/vender-no-dia-dos-pais\/#primaryimage"},"thumbnailUrl":"https:\/\/blog.calcularte.com.br\/wp-content\/uploads\/2021\/07\/vender-mais-no-dia-dos-pais.jpg","keywords":["como lucrar mais","como vender mais","dia dos pais","ideias dia dos pais","ideias lucrativas","inspira\u00e7\u00e3o","lucrativo","o que vender no dia dos pais","vender mais","vender no dia dos pais"],"articleSection":["Empreendedorismo","T\u00e9cnicas"],"inLanguage":"pt-BR","potentialAction":[{"@type":"CommentAction","name":"Comment","target":["https:\/\/blog.calcularte.com.br\/index.php\/2021\/07\/19\/vender-no-dia-dos-pais\/#respond"]}]},{"@type":"WebPage","@id":"https:\/\/blog.calcularte.com.br\/index.php\/2021\/07\/19\/vender-no-dia-dos-pais\/","url":"https:\/\/blog.calcularte.com.br\/index.php\/2021\/07\/19\/vender-no-dia-dos-pais\/","name":"Ideias para vender no Dia dos Pais &#8211; Blog do Calcularte | 2021","isPartOf":{"@id":"https:\/\/blog.calcularte.com.br\/#website"},"primaryImageOfPage":{"@id":"https:\/\/blog.calcularte.com.br\/index.php\/2021\/07\/19\/vender-no-dia-dos-pais\/#primaryimage"},"image":{"@id":"https:\/\/blog.calcularte.com.br\/index.php\/2021\/07\/19\/vender-no-dia-dos-pais\/#primaryimage"},"thumbnailUrl":"https:\/\/blog.calcularte.com.br\/wp-content\/uploads\/2021\/07\/vender-mais-no-dia-dos-pais.jpg","datePublished":"2021-07-19T15:19:20+00:00","dateModified":"2021-07-19T15:19:21+00:00","description":"Confira ideias de presentes para vender no Dia dos Pais, al\u00e9m de dicas de como vender mais nessa data. Presentes artesanais para voc\u00ea vender.","breadcrumb":{"@id":"https:\/\/blog.calcularte.com.br\/index.php\/2021\/07\/19\/vender-no-dia-dos-pais\/#breadcrumb"},"inLanguage":"pt-BR","potentialAction":[{"@type":"ReadAction","target":["https:\/\/blog.calcularte.com.br\/index.php\/2021\/07\/19\/vender-no-dia-dos-pais\/"]}]},{"@type":"ImageObject","inLanguage":"pt-BR","@id":"https:\/\/blog.calcularte.com.br\/index.php\/2021\/07\/19\/vender-no-dia-dos-pais\/#primaryimage","url":"https:\/\/blog.calcularte.com.br\/wp-content\/uploads\/2021\/07\/vender-mais-no-dia-dos-pais.jpg","contentUrl":"https:\/\/blog.calcularte.com.br\/wp-content\/uploads\/2021\/07\/vender-mais-no-dia-dos-pais.jpg","width":600,"height":300,"caption":"vender-no-dia-dos-pais"},{"@type":"BreadcrumbList","@id":"https:\/\/blog.calcularte.com.br\/index.php\/2021\/07\/19\/vender-no-dia-dos-pais\/#breadcrumb","itemListElement":[{"@type":"ListItem","position":1,"name":"In\u00edcio","item":"https:\/\/blog.calcularte.com.br\/"},{"@type":"ListItem","position":2,"name":"Ideias para vender no Dia dos Pais"}]},{"@type":"WebSite","@id":"https:\/\/blog.calcularte.com.br\/#website","url":"https:\/\/blog.calcularte.com.br\/","name":"Blog do Calcularte","description":"Torne o seu neg\u00f3cio artesanal lucrativo","publisher":{"@id":"https:\/\/blog.calcularte.com.br\/#organization"},"potentialAction":[{"@type":"SearchAction","target":{"@type":"EntryPoint","urlTemplate":"https:\/\/blog.calcularte.com.br\/?s={search_term_string}"},"query-input":{"@type":"PropertyValueSpecification","valueRequired":true,"valueName":"search_term_string"}}],"inLanguage":"pt-BR"},{"@type":"Organization","@id":"https:\/\/blog.calcularte.com.br\/#organization","name":"Calcularte","url":"https:\/\/blog.calcularte.com.br\/","logo":{"@type":"ImageObject","inLanguage":"pt-BR","@id":"https:\/\/blog.calcularte.com.br\/#\/schema\/logo\/image\/","url":"https:\/\/blog.calcularte.com.br\/wp-content\/uploads\/2020\/09\/logo.jpg","contentUrl":"https:\/\/blog.calcularte.com.br\/wp-content\/uploads\/2020\/09\/logo.jpg","width":372,"height":157,"caption":"Calcularte"},"image":{"@id":"https:\/\/blog.calcularte.com.br\/#\/schema\/logo\/image\/"},"sameAs":["https:\/\/www.facebook.com\/calcularte","https:\/\/www.instagram.com\/facebook","https:\/\/www.youtube.com\/calculartebrasil"]},{"@type":"Person","@id":"https:\/\/blog.calcularte.com.br\/#\/schema\/person\/6820c52e9059420b1361c3eb567295a4","name":"Vanessa Longo","image":{"@type":"ImageObject","inLanguage":"pt-BR","@id":"https:\/\/blog.calcularte.com.br\/#\/schema\/person\/image\/","url":"https:\/\/secure.gravatar.com\/avatar\/952e3da2af0942ab85a1d687af968dc6023f1eedb5e18165ceca25254e277af5?s=96&d=wavatar&r=g","contentUrl":"https:\/\/secure.gravatar.com\/avatar\/952e3da2af0942ab85a1d687af968dc6023f1eedb5e18165ceca25254e277af5?s=96&d=wavatar&r=g","caption":"Vanessa Longo"},"description":"Publicit\u00e1ria de forma\u00e7\u00e3o, artes\u00e3 de cora\u00e7\u00e3o. F\u00e3 de empreendedorismo, especialmente de neg\u00f3cios criativos. J\u00e1 teve seu ateli\u00ea de papelaria personalizada e hoje se dedica de corpo e alma ao Calcularte!","sameAs":["https:\/\/blog.calcularte.com.br\/blog"],"url":"https:\/\/blog.calcularte.com.br\/index.php\/author\/vanessa\/"}]}},"_links":{"self":[{"href":"https:\/\/blog.calcularte.com.br\/index.php\/wp-json\/wp\/v2\/posts\/587","targetHints":{"allow":["GET"]}}],"collection":[{"href":"https:\/\/blog.calcularte.com.br\/index.php\/wp-json\/wp\/v2\/posts"}],"about":[{"href":"https:\/\/blog.calcularte.com.br\/index.php\/wp-json\/wp\/v2\/types\/post"}],"author":[{"embeddable":true,"href":"https:\/\/blog.calcularte.com.br\/index.php\/wp-json\/wp\/v2\/users\/1"}],"replies":[{"embeddable":true,"href":"https:\/\/blog.calcularte.com.br\/index.php\/wp-json\/wp\/v2\/comments?post=587"}],"version-history":[{"count":13,"href":"https:\/\/blog.calcularte.com.br\/index.php\/wp-json\/wp\/v2\/posts\/587\/revisions"}],"predecessor-version":[{"id":614,"href":"https:\/\/blog.calcularte.com.br\/index.php\/wp-json\/wp\/v2\/posts\/587\/revisions\/614"}],"wp:featuredmedia":[{"embeddable":true,"href":"https:\/\/blog.calcularte.com.br\/index.php\/wp-json\/wp\/v2\/media\/602"}],"wp:attachment":[{"href":"https:\/\/blog.calcularte.com.br\/index.php\/wp-json\/wp\/v2\/media?parent=587"}],"wp:term":[{"taxonomy":"category","embeddable":true,"href":"https:\/\/blog.calcularte.com.br\/index.php\/wp-json\/wp\/v2\/categories?post=587"},{"taxonomy":"post_tag","embeddable":true,"href":"https:\/\/blog.calcularte.com.br\/index.php\/wp-json\/wp\/v2\/tags?post=587"}],"curies":[{"name":"wp","href":"https:\/\/api.w.org\/{rel}","templated":true}]}}